{"id":1140,"date":"2017-03-20T22:19:26","date_gmt":"2017-03-20T21:19:26","guid":{"rendered":"http:\/\/www.euroexit.org\/?p=1140"},"modified":"2017-03-20T22:19:26","modified_gmt":"2017-03-20T21:19:26","slug":"niederlande-ein-sieg-der-rechten","status":"publish","type":"post","link":"https:\/\/www.euroexit.org\/index.php\/2017\/03\/20\/niederlande-ein-sieg-der-rechten\/","title":{"rendered":"Niederlande: ein Sieg der Rechten?"},"content":{"rendered":"<p>Interview mit Frank Futselaar, ehemaliger EU-Abgeordneter der Sozialistischen Partei der Niederlande<\/p>\n<p>Von Mustafa Ilhan<\/p>\n<p>&nbsp;<\/p>\n<p><em>Frage: Herr Futselaar, wie beurteilen sie den Wahlausgang in den Niederlanden?<\/em><\/p>\n<p>Die politische Landschaft der Niederlande ist nun mehr zersplittert als je zuvor. Die W\u00e4hlerschaft war ganz offensichtlich mit der bisherigen Regierung und ihrer Austerit\u00e4tspolitik unzufrieden. Sie haben als Alternative nun vielen verschiedenen anderen Parteien ihre Stimme geschenkt.<\/p>\n<p><em>F: Nach den Wahlen verstehen viele Europ\u00e4er die Ergebnisse als einen Sieg \u00fcber die Rechtspopulisten \u2013 obwohl die Rechtsliberalen und die Rechtspopulisten die erst- und die zweitst\u00e4rkste Partei sind und damit insgesamt die Rechten gewonnen haben. Gibt es einen Grund zum Feiern?<\/em><\/p>\n<p>Es war kein Sieg der Rechten. Die liberale VVD b\u00fc\u00dfte 10 Sitze ein. Die rechtsextreme populistische PVV gewann zwar 5 Sitze dazu, aber viel weniger als sie erwartet hatte. Man spricht von einer Entt\u00e4uschung f\u00fcr Wilders Partei.  Nachdem niemand mit ihnen eine Koalition einzugehen bereit ist, bleiben sie irrelevant.<\/p>\n<p><em>F: Die sozialdemokratische Partei PvdA hat die tiefste Niederlage ihrer Geschichte erlebt. Was sind die Gr\u00fcnde?<\/em><\/p>\n<p>Die niederl\u00e4ndischen Sozialdemokraten haben in den letzten Jahrzehnten praktisch immer die neoliberalen Projekte unterst\u00fctzt. Unter der letzten Regierung waren sie direkt f\u00fcr die Politik des Sozialabbaus verantwortlich. Die Unterst\u00fctzung f\u00fcr sie war bereits in den vergangenen Jahren zur\u00fcckgegangen, nun scheint sie fast ganz verloren zu sein.<\/p>\n<p><em>F: Auch die SP hat einen sitzt in Parlament weniger als zuvor. Was hat Ihre Partei falsch gemacht?<\/em><\/p>\n<p>Die SP hat gegen\u00fcber 2012 0,4 Prozentpunkte verloren, das ist geringf\u00fcgig. Wir wurden von den Medien schon seit langem heftig attackiert und waren auf schwerere Verluste vorbereitet. Unsere gute Kampagne hat geholfen gr\u00f6\u00dferen Schaden abzuwenden. Trotzdem ist es bedauerlich, dass wir angesichts des Zusammenbruchs der PvdA uns nicht besser schlagen konnten. Zudem waren wir gerade unter jungen W\u00e4hlern nicht gut.<\/p>\n<p><em> F: Wie stehen Sie und Ihre Partei zu \u20acuro-Krise und zum Austritt aus der \u20acurozone?<\/em><\/p>\n<p>Wir glauben, dass der Euro in seiner heutigen Form unhaltbar ist. Wir treten nicht daf\u00fcr ein, dass die Niederlande die Eurozone jetzt verl\u00e4sst, aber es muss m\u00f6glich werden, dass L\u00e4nder wenn n\u00f6tig den Euro verlassen k\u00f6nnen.<\/p>\n<p><em>F: Was bedeutet das Wahlergebnis f\u00fcr Br\u00fcssel bzw. f\u00fcr die Zukunft der EU?<\/em><\/p>\n<p>Kurzfristig wird sich wenig \u00e4ndern. Sehr wahrscheinlich wird es wieder eine Mitte-Rechts-Regierung geben, die die EU und die Austerit\u00e4t unterst\u00fctzt. Aber die Position von Minister Dijsselbloen als Vorsitzender der Eurogruppe steht in Frage.<br \/>\n<em>F: Die rechtspopulistische Partei PVV hat intensiv einen Austritt aus der \u20acurozone sowie Islamfeindlichkeit propagiert. Glauben Sie, dass dieses Politik Wilders was gebracht hat?<\/em><\/p>\n<p>Die PVV hat eine sehr schwache Kampagne gef\u00fchrt. Aber ihre Ideen sind in gro\u00dfen Teilen der W\u00e4hlerschaft popul\u00e4r. Aber Wilders wird als Politiker immer weniger geglaubt und daher ist auch der Erfolg der PVV beschr\u00e4nkt.<\/p>\n<p><em>F: Die niederl\u00e4ndische Regierung hat vor den Wahlen t\u00fcrkische Wahlkampfauftritte in den Niederlanden verboten. Inwiefern hat der Konflikt mit der T\u00fcrkei beim Wahlausgang f\u00fcr die Rechten und Sozialdemokraten eine Rolle gespielt?<\/em><\/p>\n<p>Die Stellung von Premier Rutte (VVD) wurde durch den Konflikt in der Tat gest\u00e4rkt. Er konnte sich staatstragend geben und als Verteidiger niederl\u00e4ndischer Rechte darstellen, insbesondere als die T\u00f6ne aus Ankara immer hysterischer wurden.<\/p>\n<p><em>F: Was halten Sie von Erdogans Nazibeschimpfungen? Wie haben die Niederl\u00e4nder darauf reagiert?<\/em><\/p>\n<p>Die von der t\u00fcrkischen Regierung verwendeten Begriffe sind ziemlich sch\u00e4ndlich, besonders wenn man die gegenw\u00e4rtige Repression in der T\u00fcrkei gegen Journalisten, Lehrer und Akademiker in Rechnung stellt. W\u00e4hrend die Niederl\u00e4ger sich deswegen aufregen, wird wahrgenommen, dass der Konflikt Erdogan hilft. Er verwendet uns fast als \u201eFeind\u201c um Stimmen f\u00fcr sein Referendum zur Verfassungs\u00e4nderung zu bekommen.<\/p>\n<p><em>F: Unter welchen Bedienungen k\u00f6nnen die Beziehungen mit der T\u00fcrkei<\/em><br \/>\n<em> wiedergutgemacht werden?<\/em><\/p>\n<p>Die t\u00fcrkische Regierung will diesen Konflikt nutzen, um ihre Unterst\u00fctzung zuhause zu st\u00e4rken. Bisher haben sie nur diplomatischen und symbolische Ma\u00dfnahmen ergriffen. Es ist zu erwarten, dass nach dem Referendum im April die Beziehungen stillschweigend wieder verbessert werden.<\/p>\n","protected":false},"excerpt":{"rendered":"<p>Interview mit Frank Futselaar, ehemaliger EU-Abgeordneter der Sozialistischen Partei der Niederlande Von Mustafa Ilhan &nbsp; Frage: Herr Futselaar, wie beurteilen &hellip; <a href=\"https:\/\/www.euroexit.org\/index.php\/2017\/03\/20\/niederlande-ein-sieg-der-rechten\/\" class=\"more-link\"><span class=\"screen-reader-text\">\u201eNiederlande: ein Sieg der Rechten?\u201c <\/span>weiterlesen<\/a><\/p>\n","protected":false},"author":2,"featured_media":0,"comment_status":"closed","ping_status":"closed","sticky":false,"template":"","format":"standard","meta":{"advgb_blocks_editor_width":"","advgb_blocks_columns_visual_guide":""},"categories":[1],"tags":[],"author_meta":{"display_name":"Wilhelm Langthaler","author_link":"https:\/\/www.euroexit.org\/index.php\/author\/wilhelm\/"},"featured_img":null,"coauthors":[],"tax_additional":{"categories":{"linked":["<a href=\"https:\/\/www.euroexit.org\/index.php\/category\/home\/\" class=\"advgb-post-tax-term\">Home<\/a>"],"unlinked":["<span class=\"advgb-post-tax-term\">Home<\/span>"]}},"comment_count":"0","relative_dates":{"created":"Posted 9 Jahren ago","modified":"Updated 9 Jahren ago"},"absolute_dates":{"created":"Posted on 20. M\u00e4rz 2017","modified":"Updated on 20. M\u00e4rz 2017"},"absolute_dates_time":{"created":"Posted on 20. M\u00e4rz 2017 22:19","modified":"Updated on 20. M\u00e4rz 2017 22:19"},"featured_img_caption":"","series_order":"","_links":{"self":[{"href":"https:\/\/www.euroexit.org\/index.php\/wp-json\/wp\/v2\/posts\/1140"}],"collection":[{"href":"https:\/\/www.euroexit.org\/index.php\/wp-json\/wp\/v2\/posts"}],"about":[{"href":"https:\/\/www.euroexit.org\/index.php\/wp-json\/wp\/v2\/types\/post"}],"author":[{"embeddable":true,"href":"https:\/\/www.euroexit.org\/index.php\/wp-json\/wp\/v2\/users\/2"}],"replies":[{"embeddable":true,"href":"https:\/\/www.euroexit.org\/index.php\/wp-json\/wp\/v2\/comments?post=1140"}],"version-history":[{"count":0,"href":"https:\/\/www.euroexit.org\/index.php\/wp-json\/wp\/v2\/posts\/1140\/revisions"}],"wp:attachment":[{"href":"https:\/\/www.euroexit.org\/index.php\/wp-json\/wp\/v2\/media?parent=1140"}],"wp:term":[{"taxonomy":"category","embeddable":true,"href":"https:\/\/www.euroexit.org\/index.php\/wp-json\/wp\/v2\/categories?post=1140"},{"taxonomy":"post_tag","embeddable":true,"href":"https:\/\/www.euroexit.org\/index.php\/wp-json\/wp\/v2\/tags?post=1140"}],"curies":[{"name":"wp","href":"https:\/\/api.w.org\/{rel}","templated":true}]}}