{"id":1309,"date":"2017-09-21T23:09:26","date_gmt":"2017-09-21T21:09:26","guid":{"rendered":"http:\/\/www.euroexit.org\/?p=1309"},"modified":"2017-09-21T23:10:14","modified_gmt":"2017-09-21T21:10:14","slug":"presseerklaerung-demokratisch-sozial-souveraen-neutral","status":"publish","type":"post","link":"https:\/\/www.euroexit.org\/index.php\/2017\/09\/21\/presseerklaerung-demokratisch-sozial-souveraen-neutral\/","title":{"rendered":"Presseerkl\u00e4rung: Demokratisch &#8211; Sozial &#8211; Souver\u00e4n &#8211; Neutral"},"content":{"rendered":"<p>Symposium: Schritte zum Bruch mit dem neoliberalen Regime in \u00d6sterreich<\/p>\n<p><a href=\"https:\/\/www.euroexit.org\/index.php\/events\/event\/symposium-demokratisch-sozial-souveraen-neutral\/\">Liste der TeilnehmerInnen und Tagesordnung<\/a><\/p>\n<p>Am 15. Oktober finden die Nationalratswahlen statt. Unabh\u00e4ngig davon, wie diese ausgehen, kann heute schon festgehalten werden: Diese Wahlen werden weder eine soziale und demokratische Wende in der gesellschaftlichen Entwicklung bringen, noch die durch den neoliberalen Umbau der Gesellschaft verursachte Herrschaftskrise \u00fcberwinden.<\/p>\n<p>Am 30. September 2017 treffen sich deshalb Menschen aus unterschiedlichen sozialen und politischen Bereichen zu einem Symposium in Wien, um \u00fcber Schritte zu einem Bruch mit dem neoliberalen Regime in \u00d6stereich zu beraten. Es gelte auszuloten, inwieweit es m\u00f6glich ist, nach den Nationalsratswahlen  eine politische Plattform zu bilden, die m\u00e4chtig genug ist, um in aktuellen gesellschaftlichen Auseinandersetzungen zu intervenieren.<\/p>\n<p>Was kann der Kitt sein, der eine derartige Plattform verbindet? Auf welche Ziele, in deren Richtung interveniert werden soll,  kann man\/frau sich dabei verst\u00e4ndigen? Es kann nicht um eine abstrakte Systemalternative gehen. Sich darauf zu konzentrieren, hie\u00dfe von vorne herein auf m\u00f6gliche Breite und damit Handlungsf\u00e4higkeit zu verzichten. Es geht um Ziele, deren Wesen bereits jetzt in der Gesellschaft lebendig ist. Demokratisch &#8211; sozial &#8211; souver\u00e4n &#8211; neutral, das wird von einer Mehrheit der Menschen geteilt und gleichzeitig durch den herrschenden politischen Betrieb v\u00f6llig entstellt. Die legitime Sehnsucht der Menschen wird entlang der falschen Alternative Populismus versus Weltoffenheit vorgef\u00fchrt. Es geht darum, handlungsf\u00e4hig zu werden und gesellschaftlichen Gestaltungsraum zur\u00fcckzugewinnen.  Weltoffenheit als Europabekenntnis spaltet heute die Gesellschaft, weil sie als Rechtfertigungskulisse f\u00fcr die Unterordnung unter das neoliberale EU-Konkurrenzregime dient.<\/p>\n<p>Demokratisch &#8211; sozial &#8211; souver\u00e4n &#8211; neutral, das ist nicht nur popul\u00e4r, sondern die einzige M\u00f6glichkeit um Weltoffenheit als Mittel der Gestaltung wiederzugewinnen.<\/p>\n<p>Personenkomitee EuroExit gegen Sozialabbau<\/p>\n","protected":false},"excerpt":{"rendered":"<p>Symposium: Schritte zum Bruch mit dem neoliberalen Regime in \u00d6sterreich Liste der TeilnehmerInnen und Tagesordnung Am 15. Oktober finden die &hellip; <a href=\"https:\/\/www.euroexit.org\/index.php\/2017\/09\/21\/presseerklaerung-demokratisch-sozial-souveraen-neutral\/\" class=\"more-link\"><span class=\"screen-reader-text\">\u201ePresseerkl\u00e4rung: Demokratisch &#8211; Sozial &#8211; Souver\u00e4n &#8211; Neutral\u201c <\/span>weiterlesen<\/a><\/p>\n","protected":false},"author":2,"featured_media":1310,"comment_status":"closed","ping_status":"closed","sticky":false,"template":"","format":"standard","meta":{"advgb_blocks_editor_width":"","advgb_blocks_columns_visual_guide":""},"categories":[1],"tags":[],"author_meta":{"display_name":"Wilhelm Langthaler","author_link":"https:\/\/www.euroexit.org\/index.php\/author\/wilhelm\/"},"featured_img":"https:\/\/www.euroexit.org\/wp-content\/uploads\/2017\/09\/faschimus_konkurrenzregime-300x169.jpg","coauthors":[],"tax_additional":{"categories":{"linked":["<a href=\"https:\/\/www.euroexit.org\/index.php\/category\/home\/\" class=\"advgb-post-tax-term\">Home<\/a>"],"unlinked":["<span class=\"advgb-post-tax-term\">Home<\/span>"]}},"comment_count":"0","relative_dates":{"created":"Posted 9 Jahren ago","modified":"Updated 9 Jahren ago"},"absolute_dates":{"created":"Posted on 21. September 2017","modified":"Updated on 21. September 2017"},"absolute_dates_time":{"created":"Posted on 21. September 2017 23:09","modified":"Updated on 21. September 2017 23:10"},"featured_img_caption":"","series_order":"","_links":{"self":[{"href":"https:\/\/www.euroexit.org\/index.php\/wp-json\/wp\/v2\/posts\/1309"}],"collection":[{"href":"https:\/\/www.euroexit.org\/index.php\/wp-json\/wp\/v2\/posts"}],"about":[{"href":"https:\/\/www.euroexit.org\/index.php\/wp-json\/wp\/v2\/types\/post"}],"author":[{"embeddable":true,"href":"https:\/\/www.euroexit.org\/index.php\/wp-json\/wp\/v2\/users\/2"}],"replies":[{"embeddable":true,"href":"https:\/\/www.euroexit.org\/index.php\/wp-json\/wp\/v2\/comments?post=1309"}],"version-history":[{"count":0,"href":"https:\/\/www.euroexit.org\/index.php\/wp-json\/wp\/v2\/posts\/1309\/revisions"}],"wp:featuredmedia":[{"embeddable":true,"href":"https:\/\/www.euroexit.org\/index.php\/wp-json\/wp\/v2\/media\/1310"}],"wp:attachment":[{"href":"https:\/\/www.euroexit.org\/index.php\/wp-json\/wp\/v2\/media?parent=1309"}],"wp:term":[{"taxonomy":"category","embeddable":true,"href":"https:\/\/www.euroexit.org\/index.php\/wp-json\/wp\/v2\/categories?post=1309"},{"taxonomy":"post_tag","embeddable":true,"href":"https:\/\/www.euroexit.org\/index.php\/wp-json\/wp\/v2\/tags?post=1309"}],"curies":[{"name":"wp","href":"https:\/\/api.w.org\/{rel}","templated":true}]}}