{"id":1325,"date":"2017-09-26T19:44:16","date_gmt":"2017-09-26T17:44:16","guid":{"rendered":"http:\/\/www.euroexit.org\/?p=1325"},"modified":"2017-09-26T19:59:34","modified_gmt":"2017-09-26T17:59:34","slug":"erfolg-der-afd-wegen-jahrelanger-regimekonformitaet-der-linken","status":"publish","type":"post","link":"https:\/\/www.euroexit.org\/index.php\/2017\/09\/26\/erfolg-der-afd-wegen-jahrelanger-regimekonformitaet-der-linken\/","title":{"rendered":"Erfolg der AfD wegen jahrelanger Regimekonformit\u00e4t der Linken"},"content":{"rendered":"<p>von Wilhelm Langthaler<\/p>\n<h5>Globalistische Exportmaschine produziert reaktion\u00e4r-nationalistischen Protest<\/h5>\n<p><strong>D\u00e4mpfer f\u00fcr das Regime<\/strong><\/p>\n<p>Der Kern des deutschen neoliberalen Regimes, das Europa fest im Griff hat, verlor fast 15 Prozentpunkte. Das ist ein Zeichen daf\u00fcr, dass das \u201eErfolgsmodell Deutschland\u201c eben doch nicht von allen als solches wahrgenommen wird. Man muss aber gleichzeitig einr\u00e4umen, dass die FDP rund 10% erreichte, \u00e4hnlich die Gr\u00fcnen. Die Herrschaft der liberalen Oligarchie ruht also nach wie vor auf einer satten Zweidrittelmehrheit, das darf man nicht vergessen.<\/p>\n<p><strong>AfD reaktion\u00e4rer Protest gegen Globalisierung<\/strong><\/p>\n<p>Die AfD hat nicht nur im Osten (und da besonders am Land), sondern auch in den niedergehenden Industriezentren an der Ruhr und selbst unter den saturierten s\u00fcddeutschen Reaktion\u00e4ren Erfolge eingefahren. Ihr Feindbild ist der \u201eMoslem\u201c, der an allem schuld ist, ganz nach dem Muster des historischen Antisemitismus.<\/p>\n<p>Es ist kein direkter sozialer Protest, sondern seine gebrochene und vermittelte Widerspiegelung in einem peripheren Mittelstand, der von Zukunfts\u00e4ngsten geplagt ist. Es gibt das \u201eWirtschaftswunder\u201c der Nachkriegszeit nicht, das alle, B\u00fcrger und Arbeiter, Nazis, Konservative und Linke unter der Herrschaft der Kapitalisten hochzog und vereinigte. Die \u201ebl\u00fchenden Landschaften\u201c haben sich einfach nicht eingestellt, sondern im Gegenteil, die Globalisierung droht den sozialen Kompromiss zu zermalmen, von dem sie auch profitieren, ihn aber eigentlich ablehnen. Symbolisiert wird diese Bedrohung von den Immigranten, die so zum Hauptfeind werden.<\/p>\n<p>Die AfD kann dabei knallhart wirtschaftsliberal sein. Es interessiert nicht, dass es genau dieser Neoliberalismus ist, der zur Zerst\u00f6rung ihrer Welt und vor allem des Bildes von dieser f\u00fchrt. F\u00fcr die Pegida-Wutb\u00fcrger reicht es, den Wirtschaftsliberalismus national zu beschr\u00e4nken, denn der Feind kommt von au\u00dfen.<\/p>\n<p>Politisch wird das gef\u00fchrt von der alten konservativen und nationalistischen Rechten. Sie ist EU-skeptisch, nicht weil die EU der deutschen Exportindustrie und den Reichen dient, sondern weil die Rechten auch die minimalsten Transfers zur Wei\u00dfglut bringen. Sie wollen keine \u201eSolidarit\u00e4t\u201c mit den \u00e4rmeren Nationen, auch wenn es in Wirklichkeit nur Almosen sind, die den systemischen Transfer von der Peripherie ins deutsche Zentrum verdecken.<\/p>\n<p>Die AfD ist \u00fcber viele F\u00e4den mit dem Milieu der CDU und insbesondere der CSU gebunden. Es handelt sich eher um holpriges Kontinuum, als um einen scharfen Gegensatz. Besonders in Bayern ist die Welt der Reaktion\u00e4re nur ideologisch-kulturell bedroht und nicht sozial, wie es im Osten oder auch in NRW der Fall ist.<\/p>\n<p><strong>Systemische Linke<\/strong><\/p>\n<p>Insbesondere im Osten ist die Linke eine Systempartei. Sie repr\u00e4sentiert das bestehende Regime und hat die soziale Konterreform \u00fcber zwei Jahrzehnte mitgetragen und organisiert. Ihre \u201epolitisch-korrekte\u201c Ideologie wird mit der Herrschaft identifiziert, w\u00e4hrend der rechte Chauvinismus als gegen das System gerichtet erscheint.<\/p>\n<p>Im Westen ist das sicher weniger der Fall, entsprechend ist die Linke als soziale Opposition auch noch glaubw\u00fcrdiger.<\/p>\n<p>Doch als Kraft des Bruchs erscheint die Linke dennoch nicht. Dazu m\u00fcsste sie radikal und offensiv gegen das Euro\/EU-Regime auftreten und sozial ein Programm der staatlichen Umverteilung und Investitionen propagieren. Da reichen ein paar Fernsehauftritte von Wagenknecht nicht. Schluss mit der Globalisierung und dem Freihandel \u2013 dem S\u00fcden Entwicklung erm\u00f6glichen. Austritt aus der Nato. Frieden mit Russland. Ende mit der Unterst\u00fctzung f\u00fcr Israels Kolonialismus.<\/p>\n<p>Es w\u00e4re ein naives und falsches Versprechen, w\u00fcrde man behaupten, damit die harte, reaktion\u00e4re und nationalistische Rechte knacken zu k\u00f6nnen. Aber ihr w\u00e4re der Sozialprotest wegzunehmen, der sich zumal im Osten darin vermittelt widerspiegelt. Die Rechte k\u00f6nnte als das entlarvt werden, was sie ist: als Anh\u00e4ngsel es Liberalismus mit Reminiszenzen alten nationaler imperialistischer Vorherrschaft.<\/p>\n<p>(Man kann \u00fcbrigens von Gl\u00fcck reden, dass die AfD das Soziale so ausspart. W\u00fcrde sie sich gegen den ungebremsten Wirtschaftsliberalismus aussprechen, so k\u00f6nnte sie in den unteren Teilen der Gesellschaft noch viel tiefere Einbr\u00fcche machen.)<\/p>\n<p>Ideologisch-kulturell muss verstanden werden, dass das Regime die alte Linke integriert, aufgesogen, zum Politisch-Korrekten als Herrschaftsinstrument umfunktioniert hat. Davon muss eine demokratische und soziale Opposition Abstand nehmen, gegen den Gesinnungsterror der Eliten stellungnehmen, die sich als Verteidiger der linken Werte aufspielen und das Gegenteil davon tun. Die Meinungsfreiheit muss unter allen Umst\u00e4nden verteidigt werden!<\/p>\n","protected":false},"excerpt":{"rendered":"<p>von Wilhelm Langthaler Globalistische Exportmaschine produziert reaktion\u00e4r-nationalistischen Protest D\u00e4mpfer f\u00fcr das Regime Der Kern des deutschen neoliberalen Regimes, das Europa &hellip; <a href=\"https:\/\/www.euroexit.org\/index.php\/2017\/09\/26\/erfolg-der-afd-wegen-jahrelanger-regimekonformitaet-der-linken\/\" class=\"more-link\"><span class=\"screen-reader-text\">\u201eErfolg der AfD wegen jahrelanger Regimekonformit\u00e4t der Linken\u201c <\/span>weiterlesen<\/a><\/p>\n","protected":false},"author":2,"featured_media":1327,"comment_status":"closed","ping_status":"closed","sticky":false,"template":"","format":"standard","meta":{"advgb_blocks_editor_width":"","advgb_blocks_columns_visual_guide":""},"categories":[1],"tags":[],"author_meta":{"display_name":"Wilhelm Langthaler","author_link":"https:\/\/www.euroexit.org\/index.php\/author\/wilhelm\/"},"featured_img":"https:\/\/www.euroexit.org\/wp-content\/uploads\/2017\/09\/afd_hochburgen-206x300.jpg","coauthors":[],"tax_additional":{"categories":{"linked":["<a href=\"https:\/\/www.euroexit.org\/index.php\/category\/home\/\" class=\"advgb-post-tax-term\">Home<\/a>"],"unlinked":["<span class=\"advgb-post-tax-term\">Home<\/span>"]}},"comment_count":"0","relative_dates":{"created":"Posted 9 Jahren ago","modified":"Updated 9 Jahren ago"},"absolute_dates":{"created":"Posted on 26. September 2017","modified":"Updated on 26. September 2017"},"absolute_dates_time":{"created":"Posted on 26. September 2017 19:44","modified":"Updated on 26. September 2017 19:59"},"featured_img_caption":"","series_order":"","_links":{"self":[{"href":"https:\/\/www.euroexit.org\/index.php\/wp-json\/wp\/v2\/posts\/1325"}],"collection":[{"href":"https:\/\/www.euroexit.org\/index.php\/wp-json\/wp\/v2\/posts"}],"about":[{"href":"https:\/\/www.euroexit.org\/index.php\/wp-json\/wp\/v2\/types\/post"}],"author":[{"embeddable":true,"href":"https:\/\/www.euroexit.org\/index.php\/wp-json\/wp\/v2\/users\/2"}],"replies":[{"embeddable":true,"href":"https:\/\/www.euroexit.org\/index.php\/wp-json\/wp\/v2\/comments?post=1325"}],"version-history":[{"count":0,"href":"https:\/\/www.euroexit.org\/index.php\/wp-json\/wp\/v2\/posts\/1325\/revisions"}],"wp:featuredmedia":[{"embeddable":true,"href":"https:\/\/www.euroexit.org\/index.php\/wp-json\/wp\/v2\/media\/1327"}],"wp:attachment":[{"href":"https:\/\/www.euroexit.org\/index.php\/wp-json\/wp\/v2\/media?parent=1325"}],"wp:term":[{"taxonomy":"category","embeddable":true,"href":"https:\/\/www.euroexit.org\/index.php\/wp-json\/wp\/v2\/categories?post=1325"},{"taxonomy":"post_tag","embeddable":true,"href":"https:\/\/www.euroexit.org\/index.php\/wp-json\/wp\/v2\/tags?post=1325"}],"curies":[{"name":"wp","href":"https:\/\/api.w.org\/{rel}","templated":true}]}}