{"id":1329,"date":"2017-09-28T19:39:00","date_gmt":"2017-09-28T17:39:00","guid":{"rendered":"http:\/\/www.euroexit.org\/?p=1329"},"modified":"2017-09-28T19:39:00","modified_gmt":"2017-09-28T17:39:00","slug":"der-erfolg-der-afd-als-scheitern-der-linken","status":"publish","type":"post","link":"https:\/\/www.euroexit.org\/index.php\/2017\/09\/28\/der-erfolg-der-afd-als-scheitern-der-linken\/","title":{"rendered":"Der Erfolg der AfD als Scheitern der Linken"},"content":{"rendered":"<p><strong>Eine Leipziger Sicht: die Bundestageswahlen in Sachsen<\/strong><\/p>\n<p><em>Von Pascal Hillg\u00e4rtner, antifaschistischer und antimilitaristischer Aktivist<\/em><\/p>\n<p>Die AfD ist in Sachsen mit 28% zur st\u00e4rksten Kraft geworden. Die PdL (Partei die Linke) landen auf Platz drei mit 16,1%. Leipzig ist zwar nicht repr\u00e4sentativ f\u00fcr Sachsen. (In Wahlkreis Leipzig II ist die PdL mit 22,5% die st\u00e4rkste Kraft und die AfD mit 16% auf Platz drei.) Trotzdem k\u00f6nnen wir aus der Betrachtung der Stadt einiges f\u00fcr Sachsen schlussfolgern.<\/p>\n<p>Leipzig ist die gr\u00f6\u00dfte und \u00e4lteste Studentenstadt in Sachsen und damit sehr beliebt bei mehrheitlich westdeutschen Studenten. Auch nach dem Studium lassen sich Teile von ihnen hier, in den als \u201eZeckenkieze\u201c bekannten Stadtteilen, nieder. Dabei gibt es kaum einen Austausch zwischen den alten und den neuen Leipzigern. Die Stadtteile, aber auch Kneipen etc., in denen die alten Leipziger verkehren, sind meist als \u201eNazikieze\u201c verschrien.<\/p>\n<p>Ausdruck dieser Demographie sind die Konflikte um die Demonstrationen des Leipziger Pegida-Ableger Legida. Auf der Seite von Legida handelten die Reden regelm\u00e4\u00dfig von der Hartz-IV-Gesetzgebung, Sozialabbau oder Kriegsgefahr. Es wurden Flaggen in den St.-Georg-Farben [Symbol des russischen Verteidigungskampfes gegen Nazi-Deutschland] geschwenkt oder Transparente mit \u201eRussians Welcome\u201c gehalten. Die \u201eAntifaschisten\u201c sonnten sich hingegen in ihrer moralischen \u00dcberlegenheit und titulierten die Teilnehmer als dumm, barbarisch oder bem\u00e4ngelten eine fehlende Weltoffenheit. Dass man dabei ein breites B\u00fcndnis mit den Parteien des Kriegs und des Sozialabbaus einging, ist dabei nur konsequent.<\/p>\n<p>Die Front verl\u00e4uft hier also, verallgemeinert, zwischen den kleinb\u00fcrgerlichen Studenten und abgeh\u00e4ngten ostdeutschen Arbeitern und Arbeitslosen.<\/p>\n<p>Dass die Weltoffenheit der Linken nur ein Lippenbekenntnis ist, zeigte sich weiter im Oktober letzten Jahres, als das links-autonome Kulturzentrum Connie Island einen <a href=\"https:\/\/www.conne-island.de\/news\/191.html\">Text <\/a>ver\u00f6ffentlichte, in dem sie vor der \u201eWelle der Willkommenskultur\u201c kapitulierten. Darin schreiben sie, dass es durch ihre zu sanfte Fl\u00fcchtlingspolitik (Fl\u00fcchtlinge d\u00fcrften jede Veranstaltung f\u00fcr 50 Cent besuchen, alleinerziehende Mutter auf Hartz IV oder der deutsche Arbeitslose nat\u00fcrlich hingegen nicht) vermehrt zu sexualisierten \u00dcbergriffen und Eigentumsdelikten gekommen w\u00e4re. Daf\u00fcr gab es selbstverst\u00e4ndlich von der rechten Seite massiv Applaus. Dass die PdL w\u00e4hrend des Wahlkampfs an diesem Ort Plakate mit der Aufschrift \u201eRefugees Welcome\u201c aufgeh\u00e4ngt hat, ist in diesem Zusammenhang nicht nur zynisch, sondern dient einzig und allein der moralischen Selbstvergewisserung.<\/p>\n<p>Die PdL kam im gesamten Wahlkampf nicht \u00fcber diese stark moralisierenden Argumentationen hinaus. Auch weil sie ihre Basis in den linken Stadtteilen nicht verprellen wollten (bzw. weil sie es einfach aus der Struktur ihrer Partei gar nicht k\u00f6nnen). So ist es z.B. eine AfD-Basis, die in Teilen sich positiv auf die DDR bezieht. (Hier im Ost ein sehr wichtiges Thema!)<\/p>\n<p>Aber auch Themen wie Antiimperialismus sind ein totales No-Go, weshalb nicht nur der ostdeutsche Arbeiter ein wesentlicher Feind der Linken hier ist, sondern auch alle nicht-antideutschen Linken oder auch muslimische Migranten.<\/p>\n<p>Bei einer Veranstaltung der Chefredakteurin der Melodie&amp;Rhythmus, Susan Witt-Stahl, die regelm\u00e4\u00dfig zu antideutschen Ausf\u00e4llen und der israelischen Besatzung referiert, kam es zu Flaschenw\u00fcrfen auf die Teilnehmer der Veranstaltung und zu Anzeigen gegen z.B. einen von Abschiebung bedrohten muslimischen Fl\u00fcchtling.<\/p>\n<p>So eine Linke kann keine Wahlalternative f\u00fcr den durchschnittlichen Ostdeutschen sein.<\/p>\n<p>Wenn dann noch regelm\u00e4\u00dfig \u201eAntifaschisten\u201c, nach rechten Gewaltorgien gegen Fl\u00fcchtlinge, in die Gemeinden des Umlands einfallen und unter Randale Parolen wie \u201eBomber Harris do it again\u201c und \u201eScheiss Drecksnest\u201c skandieren, spielt das nicht nur der rechten Ideologie zu, sondern zerst\u00f6rt auch die letzte Vermittelbarkeit von zivilgesellschaftlichen Engagement f\u00fcr Fl\u00fcchtlinge in diesen St\u00e4dten und D\u00f6rfern.<\/p>\n<p>Wir m\u00fcssen den Aufstieg der AfD unmittelbar aus der Schw\u00e4che einer antagonistischen Linken erkl\u00e4ren. Ohne eine klare Kante gegen, nur im Ansatz, pro-imperialistische und pro-kapitalistische Kr\u00e4fte, werden wir nicht die K\u00f6pfe der Bev\u00f6lkerung im Osten gewinnen k\u00f6nnen.<\/p>\n","protected":false},"excerpt":{"rendered":"<p>Eine Leipziger Sicht: die Bundestageswahlen in Sachsen Von Pascal Hillg\u00e4rtner, antifaschistischer und antimilitaristischer Aktivist Die AfD ist in Sachsen mit &hellip; <a href=\"https:\/\/www.euroexit.org\/index.php\/2017\/09\/28\/der-erfolg-der-afd-als-scheitern-der-linken\/\" class=\"more-link\"><span class=\"screen-reader-text\">\u201eDer Erfolg der AfD als Scheitern der Linken\u201c <\/span>weiterlesen<\/a><\/p>\n","protected":false},"author":2,"featured_media":1330,"comment_status":"closed","ping_status":"closed","sticky":false,"template":"","format":"standard","meta":{"advgb_blocks_editor_width":"","advgb_blocks_columns_visual_guide":""},"categories":[1],"tags":[],"author_meta":{"display_name":"Wilhelm Langthaler","author_link":"https:\/\/www.euroexit.org\/index.php\/author\/wilhelm\/"},"featured_img":"https:\/\/www.euroexit.org\/wp-content\/uploads\/2017\/09\/scheiss-drecksnest-300x105.jpeg","coauthors":[],"tax_additional":{"categories":{"linked":["<a href=\"https:\/\/www.euroexit.org\/index.php\/category\/home\/\" class=\"advgb-post-tax-term\">Home<\/a>"],"unlinked":["<span class=\"advgb-post-tax-term\">Home<\/span>"]}},"comment_count":"0","relative_dates":{"created":"Posted 9 Jahren ago","modified":"Updated 9 Jahren ago"},"absolute_dates":{"created":"Posted on 28. September 2017","modified":"Updated on 28. September 2017"},"absolute_dates_time":{"created":"Posted on 28. September 2017 19:39","modified":"Updated on 28. September 2017 19:39"},"featured_img_caption":"","series_order":"","_links":{"self":[{"href":"https:\/\/www.euroexit.org\/index.php\/wp-json\/wp\/v2\/posts\/1329"}],"collection":[{"href":"https:\/\/www.euroexit.org\/index.php\/wp-json\/wp\/v2\/posts"}],"about":[{"href":"https:\/\/www.euroexit.org\/index.php\/wp-json\/wp\/v2\/types\/post"}],"author":[{"embeddable":true,"href":"https:\/\/www.euroexit.org\/index.php\/wp-json\/wp\/v2\/users\/2"}],"replies":[{"embeddable":true,"href":"https:\/\/www.euroexit.org\/index.php\/wp-json\/wp\/v2\/comments?post=1329"}],"version-history":[{"count":0,"href":"https:\/\/www.euroexit.org\/index.php\/wp-json\/wp\/v2\/posts\/1329\/revisions"}],"wp:featuredmedia":[{"embeddable":true,"href":"https:\/\/www.euroexit.org\/index.php\/wp-json\/wp\/v2\/media\/1330"}],"wp:attachment":[{"href":"https:\/\/www.euroexit.org\/index.php\/wp-json\/wp\/v2\/media?parent=1329"}],"wp:term":[{"taxonomy":"category","embeddable":true,"href":"https:\/\/www.euroexit.org\/index.php\/wp-json\/wp\/v2\/categories?post=1329"},{"taxonomy":"post_tag","embeddable":true,"href":"https:\/\/www.euroexit.org\/index.php\/wp-json\/wp\/v2\/tags?post=1329"}],"curies":[{"name":"wp","href":"https:\/\/api.w.org\/{rel}","templated":true}]}}