{"id":1565,"date":"2018-01-06T15:09:21","date_gmt":"2018-01-06T14:09:21","guid":{"rendered":"http:\/\/www.euroexit.org\/?p=1565"},"modified":"2018-01-06T16:28:16","modified_gmt":"2018-01-06T15:28:16","slug":"strategische-achsen-gegen-schwarzblau","status":"publish","type":"post","link":"https:\/\/www.euroexit.org\/index.php\/2018\/01\/06\/strategische-achsen-gegen-schwarzblau\/","title":{"rendered":"Strategische Achsen gegen Schwarzblau"},"content":{"rendered":"<p>von Wilhelm Langthaler<\/p>\n<p>Thesen zur Diskussion und Mobilisierung<\/p>\n<p>&nbsp;<\/p>\n<p><strong>1)      Z\u00e4he und langfristige soziale Mobilisierung gegen die Angriffe von Kurz-Strache<\/strong><\/p>\n<p>Die Schwachstelle im Kabinett ist die FP\u00d6, die das Gegenteil von dem tun muss, was sich ihre plebejische Klientel erwartet. Schwarzblau hat zwar eine bequeme parlamentarische Mehrheit, aber sie sind gesellschaftlich dennoch schw\u00e4cher als Schwarzrot. Die Attacken der neuen Privilegieren-Regierung k\u00f6nnten abgewehrt werden, denn im Herrschaftsapparat selbst gibt es Leute, die sich ihren Misserfolg w\u00fcnschen, einschlie\u00dflich gewisser Teile der Regimemedien. [Bild: Kronenzeitung vom 3.1.2018] Wir k\u00f6nnen nicht \u00fcberall sein und m\u00fcssen uns auf jene Fragen konzentrieren, die am meisten Sprengkraft und Potential haben vom Sozialen ins Politische vorzudringen. Was das sein wird, zeichnet sich noch nicht deutlich genug ab.<\/p>\n<p>&nbsp;<\/p>\n<p><strong>2)      Strategische Zersetzung der FP-Basis<\/strong><\/p>\n<p>Wir m\u00fcssen uns an die Unterschichten richten und den systematischen sozialen Betrug durch die FP zeigen. Da ist der politisch-kulturelle Snobismus des Linksliberalismus ungeeignet. Auch die antirassistische Denunziation. Auseinandersetzung, Diskussion statt Isolierung und Boykott. Die FP-Regierungsbeteiligung ist die Chance die Partei von ihrem Unterschichtenteil zu trennen und auf ihren chauvinistisch-reaktion\u00e4ren Kern zu reduzieren. (Die \u00d6VP ist viel direkter die Partei der Oberschichten, aber es gibt nat\u00fcrlich auch dort ein Element der T\u00e4uschung der unteren H\u00e4lfte.)<\/p>\n<p>&nbsp;<\/p>\n<p><strong>3)      Wider die identit\u00e4re Mobilisierung von Kurz-Strache<\/strong><\/p>\n<p>Sozio\u00f6konomisch wird die Regierung ihrer Unterschichtenklientel nur sehr wenig bieten k\u00f6nnen. Um so wichtiger ist der ideologische Kit der identit\u00e4ren Mobilisierung gegen Fl\u00fcchtlinge, Immigranten und vor allem den Islam. Kulturchauvinismus enth\u00e4lt ein massenpsychologisches Element, hat fast den Status einer negativen Zivilreligion, und kann daher durch rationale Argumentation schwer aufgel\u00f6st werden (man erinnere sich an den historischen Antisemitismus). Um so mehr muss man dem entgegenhalten und den Chauvinismus \u00fcber die sozio\u00f6konomische Frontstellung zu den Eliten aufbrechen.<\/p>\n<p>&nbsp;<\/p>\n<p><strong>4)      Hauptfeind liberales Zentrum und sein supranationales antidemokratisches Korsett<\/strong><\/p>\n<p>Die Globalisierung hat soziale Spaltung und Verw\u00fcstung sowie Entdemokratisierung im Interesse einer winzigen Elite gebracht. Wirtschaft und Gesellschaft muss unter die Kontrolle der Mehrheit gebracht und von dieser politisch mittels des Staates bestimmt werden \u2013 das hei\u00dft f\u00fcr uns Volkssouver\u00e4nit\u00e4t. Das bedeutet Regulierung der Bewegung des Kapitals, der Waren und der Arbeitskr\u00e4fte, des wichtigsten Produktionsfaktors. Das braucht den Mut zum Widerstand gegen und Bruch mit dem globalen Freihandelsregime und dessen europ\u00e4ischer Form, dem Binnenmarkt und seinem Br\u00fcsseler Protostaat.<\/p>\n<p>&nbsp;<\/p>\n<p><strong>5)      Neue Oppositionsplattform gegen das neoliberale Regime (Schwarz-Blau-Rot)<\/strong><\/p>\n<p>Unser Widerstand gegen Schwarzblau darf nicht vergessen, dass die neue Regierung Folge des rotschwarzen Neoliberalismus ist. Dahin wollen wir nicht zur\u00fcck. Wir wollen alle demokratisch und sozialen Kr\u00e4fte, die bereit zum Bruch mit dem neoliberalen System sind, zu einer gesellschaftlich relevanten Plattform zusammenfassen, die eine Alternative bilden kann.<\/p>\n","protected":false},"excerpt":{"rendered":"<p>von Wilhelm Langthaler Thesen zur Diskussion und Mobilisierung &nbsp; 1) Z\u00e4he und langfristige soziale Mobilisierung gegen die Angriffe von Kurz-Strache &hellip; <a href=\"https:\/\/www.euroexit.org\/index.php\/2018\/01\/06\/strategische-achsen-gegen-schwarzblau\/\" class=\"more-link\"><span class=\"screen-reader-text\">\u201eStrategische Achsen gegen Schwarzblau\u201c <\/span>weiterlesen<\/a><\/p>\n","protected":false},"author":2,"featured_media":1567,"comment_status":"closed","ping_status":"closed","sticky":false,"template":"","format":"standard","meta":{"advgb_blocks_editor_width":"","advgb_blocks_columns_visual_guide":""},"categories":[1],"tags":[],"author_meta":{"display_name":"Wilhelm Langthaler","author_link":"https:\/\/www.euroexit.org\/index.php\/author\/wilhelm\/"},"featured_img":"https:\/\/www.euroexit.org\/wp-content\/uploads\/2018\/01\/krone_schwarzblau-300x200.jpg","coauthors":[],"tax_additional":{"categories":{"linked":["<a href=\"https:\/\/www.euroexit.org\/index.php\/category\/home\/\" class=\"advgb-post-tax-term\">Home<\/a>"],"unlinked":["<span class=\"advgb-post-tax-term\">Home<\/span>"]}},"comment_count":"0","relative_dates":{"created":"Posted 8 Jahren ago","modified":"Updated 8 Jahren ago"},"absolute_dates":{"created":"Posted on 6. Januar 2018","modified":"Updated on 6. Januar 2018"},"absolute_dates_time":{"created":"Posted on 6. Januar 2018 15:09","modified":"Updated on 6. Januar 2018 16:28"},"featured_img_caption":"","series_order":"","_links":{"self":[{"href":"https:\/\/www.euroexit.org\/index.php\/wp-json\/wp\/v2\/posts\/1565"}],"collection":[{"href":"https:\/\/www.euroexit.org\/index.php\/wp-json\/wp\/v2\/posts"}],"about":[{"href":"https:\/\/www.euroexit.org\/index.php\/wp-json\/wp\/v2\/types\/post"}],"author":[{"embeddable":true,"href":"https:\/\/www.euroexit.org\/index.php\/wp-json\/wp\/v2\/users\/2"}],"replies":[{"embeddable":true,"href":"https:\/\/www.euroexit.org\/index.php\/wp-json\/wp\/v2\/comments?post=1565"}],"version-history":[{"count":0,"href":"https:\/\/www.euroexit.org\/index.php\/wp-json\/wp\/v2\/posts\/1565\/revisions"}],"wp:featuredmedia":[{"embeddable":true,"href":"https:\/\/www.euroexit.org\/index.php\/wp-json\/wp\/v2\/media\/1567"}],"wp:attachment":[{"href":"https:\/\/www.euroexit.org\/index.php\/wp-json\/wp\/v2\/media?parent=1565"}],"wp:term":[{"taxonomy":"category","embeddable":true,"href":"https:\/\/www.euroexit.org\/index.php\/wp-json\/wp\/v2\/categories?post=1565"},{"taxonomy":"post_tag","embeddable":true,"href":"https:\/\/www.euroexit.org\/index.php\/wp-json\/wp\/v2\/tags?post=1565"}],"curies":[{"name":"wp","href":"https:\/\/api.w.org\/{rel}","templated":true}]}}