{"id":1722,"date":"2018-09-22T14:27:17","date_gmt":"2018-09-22T12:27:17","guid":{"rendered":"http:\/\/www.euroexit.org\/?p=1722"},"modified":"2018-09-22T14:28:39","modified_gmt":"2018-09-22T12:28:39","slug":"italien-am-scheideweg-wohin-geht-die-linke","status":"publish","type":"post","link":"https:\/\/www.euroexit.org\/index.php\/2018\/09\/22\/italien-am-scheideweg-wohin-geht-die-linke\/","title":{"rendered":"Italien am Scheideweg: wohin geht die Linke?"},"content":{"rendered":"<p>Rom, Sa 13. Oktober 2018, 15h<br \/>\nAula Magna der Link Campus University<\/p>\n<ul>\n<li><strong>Fabio Frati<\/strong>, Vorsitzender der Gewerkschaft CUB Trasporti und f\u00fchrender Belegschaftsaktivist bei Alitalia gegen Ausverkauf und f\u00fcr Verstaatlichung<\/li>\n<li><strong>Luciano Barra Caracciolo<\/strong>, Jurist, Richter und ehemaliger Funktion\u00e4r des Justizministeriums in verschiedenen Positionen, parteiloses Mitglied des gegenw\u00e4rtigen Kabinetts Conte als Unterstaatssekret\u00e4r f\u00fcr europ\u00e4ische Angelegenheiten<\/li>\n<li><strong>Sergio Cesaratto<\/strong>, Professor f\u00fcr Volkswirtschaft und Statistik and der Universit\u00e4t Siena<\/li>\n<li><strong>Alfredo D\u2019Attorre<\/strong>, ehemaliger Parlamentarier der PD, der mit der Regierung Renzi brach und sich der zuerst der \u201eSinistra Italiana &#8211; Sinistra Ecologia Libert\u00e0\u201c und dann den \u201eLiberi e Uguali\u201c anschloss<\/li>\n<li><strong>Stefano Fassina<\/strong>, ehemaliger Vizewirtschaftsminister im Kabinett Letta, Exponent der Plan-B-Initiativen sowie Abgeordneter f\u00fcr \u201eLiberi e Uguali\u201c in der Deputiertenkammer<\/li>\n<li><strong>Massimo Garavaglia<\/strong>, Vizewirtsminister der gegenw\u00e4rtigen Regierung Conte, entsandt von der Lega<\/li>\n<li><strong>Antonio Maria Rinaldi<\/strong>, Professor f\u00fcr Volkswirtschaft an der Link Campus University, Rom<\/li>\n<li><strong>Marco Zanni<\/strong>, EU-Parlamentarier ehemals von den F\u00fcnfsternen, \u00fcberwarf sich mit der Bewegung wegen deren diverser R\u00fcckzieher zum Austritt aus dem Euro<\/li>\n<li><strong>Moreno Pasquinelli<\/strong>, Exponent der Patriotischen Linken<\/li>\n<\/ul>\n","protected":false},"excerpt":{"rendered":"<p>Rom, Sa 13. Oktober 2018, 15h Aula Magna der Link Campus University Fabio Frati, Vorsitzender der Gewerkschaft CUB Trasporti und &hellip; <a href=\"https:\/\/www.euroexit.org\/index.php\/2018\/09\/22\/italien-am-scheideweg-wohin-geht-die-linke\/\" class=\"more-link\"><span class=\"screen-reader-text\">\u201eItalien am Scheideweg: wohin geht die Linke?\u201c <\/span>weiterlesen<\/a><\/p>\n","protected":false},"author":2,"featured_media":1723,"comment_status":"closed","ping_status":"closed","sticky":false,"template":"","format":"standard","meta":{"advgb_blocks_editor_width":"","advgb_blocks_columns_visual_guide":""},"categories":[1],"tags":[],"author_meta":{"display_name":"Wilhelm Langthaler","author_link":"https:\/\/www.euroexit.org\/index.php\/author\/wilhelm\/"},"featured_img":"https:\/\/www.euroexit.org\/wp-content\/uploads\/2018\/09\/13-ottobre-2018-roma-p101-300x197.jpg","coauthors":[],"tax_additional":{"categories":{"linked":["<a href=\"https:\/\/www.euroexit.org\/index.php\/category\/home\/\" class=\"advgb-post-tax-term\">Home<\/a>"],"unlinked":["<span class=\"advgb-post-tax-term\">Home<\/span>"]}},"comment_count":"0","relative_dates":{"created":"Posted 8 Jahren ago","modified":"Updated 8 Jahren ago"},"absolute_dates":{"created":"Posted on 22. September 2018","modified":"Updated on 22. September 2018"},"absolute_dates_time":{"created":"Posted on 22. September 2018 14:27","modified":"Updated on 22. September 2018 14:28"},"featured_img_caption":"","series_order":"","_links":{"self":[{"href":"https:\/\/www.euroexit.org\/index.php\/wp-json\/wp\/v2\/posts\/1722"}],"collection":[{"href":"https:\/\/www.euroexit.org\/index.php\/wp-json\/wp\/v2\/posts"}],"about":[{"href":"https:\/\/www.euroexit.org\/index.php\/wp-json\/wp\/v2\/types\/post"}],"author":[{"embeddable":true,"href":"https:\/\/www.euroexit.org\/index.php\/wp-json\/wp\/v2\/users\/2"}],"replies":[{"embeddable":true,"href":"https:\/\/www.euroexit.org\/index.php\/wp-json\/wp\/v2\/comments?post=1722"}],"version-history":[{"count":0,"href":"https:\/\/www.euroexit.org\/index.php\/wp-json\/wp\/v2\/posts\/1722\/revisions"}],"wp:featuredmedia":[{"embeddable":true,"href":"https:\/\/www.euroexit.org\/index.php\/wp-json\/wp\/v2\/media\/1723"}],"wp:attachment":[{"href":"https:\/\/www.euroexit.org\/index.php\/wp-json\/wp\/v2\/media?parent=1722"}],"wp:term":[{"taxonomy":"category","embeddable":true,"href":"https:\/\/www.euroexit.org\/index.php\/wp-json\/wp\/v2\/categories?post=1722"},{"taxonomy":"post_tag","embeddable":true,"href":"https:\/\/www.euroexit.org\/index.php\/wp-json\/wp\/v2\/tags?post=1722"}],"curies":[{"name":"wp","href":"https:\/\/api.w.org\/{rel}","templated":true}]}}