{"id":1752,"date":"2018-10-07T20:29:31","date_gmt":"2018-10-07T18:29:31","guid":{"rendered":"http:\/\/www.euroexit.org\/?p=1752"},"modified":"2018-10-07T20:29:31","modified_gmt":"2018-10-07T18:29:31","slug":"italien-ist-das-auch-scheusslicher-populismus","status":"publish","type":"post","link":"https:\/\/www.euroexit.org\/index.php\/2018\/10\/07\/italien-ist-das-auch-scheusslicher-populismus\/","title":{"rendered":"Italien: Ist das auch scheu\u00dflicher Populismus?"},"content":{"rendered":"<p><strong>Italien: Ist das auch scheu\u00dflicher Populismus?<\/strong><\/p>\n<p>In den deutschsprachigen Medien war Italiens Regierung bisher fast ausschlie\u00dflich als Truppe rechtspopulistische Schreih\u00e4lse pr\u00e4sent, die Fl\u00fcchtlingsschiffen das Anlegen verweigert. Bei so viel Negativpropaganda lohnt es sich, auch einmal genauer hinzusehen.<\/p>\n<p>\u201eRegierung der Populisten\u201c ist das Label, das die Medien dem Duo Salvini (Lega)-Di Maio (F\u00fcnf Sterne Bewegung) verpasst haben. Damit weist man auf die Unverfrorenheit der aus den Wahlen am 4. M\u00e4rz hervorgegangene Koalition hin, den Italienern einen Kurswechsel hin zur Verbesserung der sozialen und wirtschaftlichen Situation des Landes zu versprechen. Reicht dieser Wunsch nach einem Kurswechsel aus, um das Negativ-Etikett Populismus zu bekommen? Rosig ist die soziale Situation in Italien mit 31 % Jugendarbeitslosigkeit und 8,4 % in akuter Armut offensichtlich nicht. Auch L\u00f6sungen f\u00fcr den anhaltenden Niedergang der einst starken Industrieproduktion im Land (-20 % seit dem Jahr 2000) zu suchen, dr\u00e4ngt sich geradezu auf.<\/p>\n<p>Aber\u2026 die beiden schieben doch die ganze Schuld f\u00fcr die italienische Misere auf den \u201e\u00e4u\u00dferen Feind\u201c, um von der eigenen Verantwortung und von ihrem Versagen abzulenken, die \u00fcberbordenden Wahlversprechungen einzul\u00f6sen. Typisch Populismus. Nat\u00fcrlich muss die widerspr\u00fcchliche Lega-F\u00fcnf Sterne Koalition noch unter Beweis stellen, was sie von ihren Pl\u00e4nen (dem \u201eVertrag\u201c) umsetzen wird  &#8211; vor allem mit dem Budgetgesetz. Dass die angepeilten 2,4 % Defizit keine Revolution sind, ist nicht zu leugnen. Aber bereits dies reichte aus, dass Junker, Moscovici und \u201edie M\u00e4rkte\u201c zum Sturm auf Rom blasen, um den Defizit-S\u00fcndern die Leviten zu lesen und sie zu erinnern, dass die (mit den nicht gew\u00e4hlten Vorg\u00e4ngerregierungen unterschriebenen) Austerit\u00e4tsvereinbarungen einzuhalten sind. Also ganz Unrecht haben die italienischen Populisten offenbar auch nicht, dass Br\u00fcssel ein signifikanter Faktor ist, der der Umsetzung eines sozialen und wirtschaftlichen Kurswechsels entgegensteht.<\/p>\n<p>Ein j\u00fcngstes Beispiel zeigt plastisch, dass die neue Regierung in Rom durchaus konkrete Ma\u00dfnahmen setzte, die einen Wandel andeuten. (Im Gegensatz zur Kolonne der nicht gew\u00e4hlten Vorg\u00e4ngerregierungen von Monti-Letta-Renzi-Gentiloni, die alle mehr oder weniger theatralisch einen Wandel versprachen, um dann sofort die alte neoliberale Agenda fortzusetzen; Populismus im wahrsten Sinne.)<\/p>\n<p>Das Beispiel ist die vom belgischen Konzern Bekaert 2015 \u00fcbernommene Pirelli Stahlcord-Fabrik in Figline Valdarno, Toskana. Der Konzern plante, die Fabrik mit Anfang Oktober zu schlie\u00dfen und nach Rum\u00e4nien zu verlegen. 318 Arbeiter sollten entlassen werden. Nachdem der PD-Sozialdemokrat Renzi 2014 mit seiner Arbeitsmarktreform, dem Jobs Act, die Arbeitslosenunterst\u00fctzung <em>(\u201eCassa integrazione\u201c<\/em>) abgeschafft hatte, w\u00e4re das f\u00fcr die Arbeiter und ihre Familien ein sicher Weg in die Armutsfalle. Derartige Kollateralsch\u00e4den der Globalisierung interessieren die liberalen Medien heute freilich nicht, schon gar nicht die \u00f6sterreichischen. Daran konnte selbst das Solidarit\u00e4tskonzert, das Sting im Juli vor der Fabrik f\u00fcr die Arbeiter gegeben hatte, nichts \u00e4ndern.<\/p>\n<p>Doch die Regierung der Populisten hat zwischenzeitlich begonnen, den PD-sozialdemokratischen <em>Jobs Act<\/em> r\u00fcckabzuwickeln und die Arbeitslosenunterst\u00fctzung wieder eingef\u00fchrt (wie demagogisch!). Neben dieser sozialen Absicherung f\u00fcr die Arbeiter, hat die Regierung auf Bekaert Druck ausge\u00fcbt und gemeinsam mit der Gewerkschaft erreichen k\u00f6nnen, dass bis Ende des Jahres weiter produziert und einen Teil der Produktion in Figline Valdarno belassen wird. Zur Sicherung des Standortes wird soll staatliches Geld in die Hand genommen und ein Reindustrialisierungsprogramm aufgelegt werden. Selbst der Gewerkschaftsverband CGIL musste anerkennen, dass die Regierung diesen f\u00fcr die Besch\u00e4ftigten positiven Ausgang entscheidend unterst\u00fctzt hat und Vizepremier Di Maio sich pers\u00f6nlich in Figline Valdarno f\u00fcr eine L\u00f6sung einsetzte. Kein Wunder, dass die Umfragewerte der \u201egr\u00fcn-gelben\u201c Koalition mit 62 % Zustimmung auf einem Rekordhoch sind.<\/p>\n<p>Zu wenig? Populismus? F\u00fcr Br\u00fcssel genug, um der italienischen Regierung den Fehdehandschuh hinzuwerfen. Die Frage in Italien ist heute eben nicht, ob eine umfassende anti-neoliberale Alternative wesentlich weiter gehen muss (nat\u00fcrlich) und andere Ma\u00dfnahmen der Lega-F\u00fcnf Sterne Regierung nicht scharf abzulehnen sind (offensichtlich). Es geht um den Ausbruch aus dem Korsett der neoliberalen und anti-sozialen Politik des EU-Fiskalpakts und um die Seite, die man in dieser sich in Italien gerade rasant anbahnenden Konfrontation einzunehmen gedenkt. Welche Seite die Arbeiter von Bekaert in Figline Valdarno beziehen werden, steht jedenfalls fest.<\/p>\n<p><em>Gernot Bodner<\/em><\/p>\n","protected":false},"excerpt":{"rendered":"<p>Italien: Ist das auch scheu\u00dflicher Populismus? In den deutschsprachigen Medien war Italiens Regierung bisher fast ausschlie\u00dflich als Truppe rechtspopulistische Schreih\u00e4lse &hellip; <a href=\"https:\/\/www.euroexit.org\/index.php\/2018\/10\/07\/italien-ist-das-auch-scheusslicher-populismus\/\" class=\"more-link\"><span class=\"screen-reader-text\">\u201eItalien: Ist das auch scheu\u00dflicher Populismus?\u201c <\/span>weiterlesen<\/a><\/p>\n","protected":false},"author":9,"featured_media":1754,"comment_status":"closed","ping_status":"closed","sticky":false,"template":"","format":"standard","meta":{"advgb_blocks_editor_width":"","advgb_blocks_columns_visual_guide":""},"categories":[1],"tags":[],"author_meta":{"display_name":"Gernot Bodner","author_link":"https:\/\/www.euroexit.org\/index.php\/author\/gernot\/"},"featured_img":"https:\/\/www.euroexit.org\/wp-content\/uploads\/2018\/10\/dimaiolavoratoribekaert-300x141.jpg","coauthors":[],"tax_additional":{"categories":{"linked":["<a href=\"https:\/\/www.euroexit.org\/index.php\/category\/home\/\" class=\"advgb-post-tax-term\">Home<\/a>"],"unlinked":["<span class=\"advgb-post-tax-term\">Home<\/span>"]}},"comment_count":"0","relative_dates":{"created":"Posted 8 Jahren ago","modified":"Updated 8 Jahren ago"},"absolute_dates":{"created":"Posted on 7. Oktober 2018","modified":"Updated on 7. Oktober 2018"},"absolute_dates_time":{"created":"Posted on 7. Oktober 2018 20:29","modified":"Updated on 7. Oktober 2018 20:29"},"featured_img_caption":"","series_order":"","_links":{"self":[{"href":"https:\/\/www.euroexit.org\/index.php\/wp-json\/wp\/v2\/posts\/1752"}],"collection":[{"href":"https:\/\/www.euroexit.org\/index.php\/wp-json\/wp\/v2\/posts"}],"about":[{"href":"https:\/\/www.euroexit.org\/index.php\/wp-json\/wp\/v2\/types\/post"}],"author":[{"embeddable":true,"href":"https:\/\/www.euroexit.org\/index.php\/wp-json\/wp\/v2\/users\/9"}],"replies":[{"embeddable":true,"href":"https:\/\/www.euroexit.org\/index.php\/wp-json\/wp\/v2\/comments?post=1752"}],"version-history":[{"count":0,"href":"https:\/\/www.euroexit.org\/index.php\/wp-json\/wp\/v2\/posts\/1752\/revisions"}],"wp:featuredmedia":[{"embeddable":true,"href":"https:\/\/www.euroexit.org\/index.php\/wp-json\/wp\/v2\/media\/1754"}],"wp:attachment":[{"href":"https:\/\/www.euroexit.org\/index.php\/wp-json\/wp\/v2\/media?parent=1752"}],"wp:term":[{"taxonomy":"category","embeddable":true,"href":"https:\/\/www.euroexit.org\/index.php\/wp-json\/wp\/v2\/categories?post=1752"},{"taxonomy":"post_tag","embeddable":true,"href":"https:\/\/www.euroexit.org\/index.php\/wp-json\/wp\/v2\/tags?post=1752"}],"curies":[{"name":"wp","href":"https:\/\/api.w.org\/{rel}","templated":true}]}}