{"id":1823,"date":"2018-12-15T10:08:12","date_gmt":"2018-12-15T09:08:12","guid":{"rendered":"http:\/\/www.euroexit.org\/?p=1823"},"modified":"2018-12-15T10:09:05","modified_gmt":"2018-12-15T09:09:05","slug":"gelbwesten-eine-a-politische-tendenziell-linkspopulistische-plebeische-bewegung","status":"publish","type":"post","link":"https:\/\/www.euroexit.org\/index.php\/2018\/12\/15\/gelbwesten-eine-a-politische-tendenziell-linkspopulistische-plebeische-bewegung\/","title":{"rendered":"Gelbwesten: Eine a-politische, tendenziell linkspopulistische plebeische  Bewegung"},"content":{"rendered":"<p>Vorgestern (13. Dezember) ver\u00f6ffentlichte \u201eLe Monde\u201c kurze Ergebnisse einer Gruppe franz\u00f6sischer Sozio- und Politologen zu den Gelbwesten und ihren Motivationen. Ich habe die Grafiken der Zeitung vereinfacht und nachgebaut.<\/p>\n<p>In K\u00fcrze zusammengefasst:<\/p>\n<p>Der beruflich-soziale Schwerpunkt liegt bei kleinen Angestellten. Auch das alte Kleinb\u00fcrger\u00adtum (Handwerker, Kleinunternehmer) ist etwas \u00fcberrepr\u00e4sentiert, macht aber nur einen geringen Anteil aus. Daf\u00fcr liegt der Anteil der Arbeiter etwas unter dem nationalen Schnitt. Dem Einkommen nach stehen sie sich nicht besonders gut, leicht unterdurchschnittlich, aber nicht ganz unten.<\/p>\n<p><a href=\"https:\/\/www.euroexit.org\/wp-content\/uploads\/2018\/12\/Gelbwesten1.jpg\"><img loading=\"lazy\" class=\"alignnone size-medium wp-image-1820\" src=\"https:\/\/www.euroexit.org\/wp-content\/uploads\/2018\/12\/Gelbwesten1-300x122.jpg\" alt=\"\" width=\"300\" height=\"122\" srcset=\"https:\/\/www.euroexit.org\/wp-content\/uploads\/2018\/12\/Gelbwesten1-300x122.jpg 300w, https:\/\/www.euroexit.org\/wp-content\/uploads\/2018\/12\/Gelbwesten1.jpg 582w\" sizes=\"(max-width: 300px) 85vw, 300px\" \/><\/a><\/p>\n<p>Massiv unterrepr\u00e4sentiert sind, wenig verwunderlich, die h\u00f6heren und leitenden Angestellten und Beamten.<\/p>\n<p>Der Gro\u00dfteil der Aktiven war bisher a-politisch, wie es heute ganz \u00fcblich ist. Den Parteien schl\u00e4gt gr\u00f6\u00dftes Misstrauen entgegen, aber auch die Gewerkschaften werden ziemlich misstrauisch betrachtet. Auf der politischen Links-Rechts-Achse ordnet sich die Mehrzahl \u201eLinks\u201c und sogar \u201eextrem Links\u201c ein \u2013 soweit sie sich dort positionieren: ein Drittel weigert sich. Vor allem aber wollen sie <em>nicht \u201eZentrum\u201c<\/em> sein. Es ist ein Protest gegen die Hegemonie, die wir gern linksliberal nennen, die aber in Wirklichkeit liberal-konservativ ist \u2013 liberal in kulturellen Fragen, aber erzkonservativ in sozi\u00f6-\u00f6konomischer Hinsicht. In \u00d6sterreich stellt der \u201eStandard\u201c das Muster-Beispiel.<\/p>\n<p>Das Hauptanliegen sind Einkommens-Erh\u00f6hung, bessere Verteilung und Steuersenkung. Und sie wollen geh\u00f6rt werden. Die Immigration spielt keinerlei Rolle.<\/p>\n<p><a href=\"https:\/\/www.euroexit.org\/wp-content\/uploads\/2018\/12\/Gelbwesten2.jpg\"><img loading=\"lazy\" class=\"alignnone size-medium wp-image-1821\" src=\"https:\/\/www.euroexit.org\/wp-content\/uploads\/2018\/12\/Gelbwesten2-300x197.jpg\" alt=\"\" width=\"300\" height=\"197\" srcset=\"https:\/\/www.euroexit.org\/wp-content\/uploads\/2018\/12\/Gelbwesten2-300x197.jpg 300w, https:\/\/www.euroexit.org\/wp-content\/uploads\/2018\/12\/Gelbwesten2-768x505.jpg 768w, https:\/\/www.euroexit.org\/wp-content\/uploads\/2018\/12\/Gelbwesten2-1024x674.jpg 1024w, https:\/\/www.euroexit.org\/wp-content\/uploads\/2018\/12\/Gelbwesten2.jpg 1166w\" sizes=\"(max-width: 300px) 85vw, 300px\" \/><\/a><\/p>\n<p>Das ist nicht der Ort f\u00fcr eine Analyse. Es ist jedoch klar: Hier haben wir eine wirkliche Bewegung vor uns, wo die liberal-konservativen <em>mainstream<\/em>-Leute zornig hinschimpfen: \u201e(Links-) Populisten\u201c!! Es ist eine plebeische Rebellion derer, die von den abgehobenen Akademikern auch in \u00d6sterreich voll Arroganz und voll Klassen-Verachtung von oben herab als \u201eModernisierungs- und Globalisierungs-Verlierer\u201c bezeichnet werden. Das sind jene Leute, welche selbst heute noch den Sozialdemokraten den guten Rat geben: Mit diesen Abgeh\u00e4ngten k\u00f6nnt ihr keinen Staat machen. Oder wie es ein viel im ORF (und auch anderen Medien) interviewter \u00f6sterreichischer Politologe ausdr\u00fcckte: \u201eDas sind nur <strong>Objekte<\/strong> der Sozialpolitik.\u201c<\/p>\n","protected":false},"excerpt":{"rendered":"<p>Vorgestern (13. Dezember) ver\u00f6ffentlichte \u201eLe Monde\u201c kurze Ergebnisse einer Gruppe franz\u00f6sischer Sozio- und Politologen zu den Gelbwesten und ihren Motivationen. &hellip; <a href=\"https:\/\/www.euroexit.org\/index.php\/2018\/12\/15\/gelbwesten-eine-a-politische-tendenziell-linkspopulistische-plebeische-bewegung\/\" class=\"more-link\"><span class=\"screen-reader-text\">\u201eGelbwesten: Eine a-politische, tendenziell linkspopulistische plebeische  Bewegung\u201c <\/span>weiterlesen<\/a><\/p>\n","protected":false},"author":3,"featured_media":0,"comment_status":"closed","ping_status":"closed","sticky":false,"template":"","format":"standard","meta":{"advgb_blocks_editor_width":"","advgb_blocks_columns_visual_guide":""},"categories":[1],"tags":[],"author_meta":{"display_name":"Albert Reiterer","author_link":"https:\/\/www.euroexit.org\/index.php\/author\/albert\/"},"featured_img":null,"coauthors":[],"tax_additional":{"categories":{"linked":["<a href=\"https:\/\/www.euroexit.org\/index.php\/category\/home\/\" class=\"advgb-post-tax-term\">Home<\/a>"],"unlinked":["<span class=\"advgb-post-tax-term\">Home<\/span>"]}},"comment_count":"0","relative_dates":{"created":"Posted 7 Jahren ago","modified":"Updated 7 Jahren ago"},"absolute_dates":{"created":"Posted on 15. Dezember 2018","modified":"Updated on 15. Dezember 2018"},"absolute_dates_time":{"created":"Posted on 15. Dezember 2018 10:08","modified":"Updated on 15. Dezember 2018 10:09"},"featured_img_caption":"","series_order":"","_links":{"self":[{"href":"https:\/\/www.euroexit.org\/index.php\/wp-json\/wp\/v2\/posts\/1823"}],"collection":[{"href":"https:\/\/www.euroexit.org\/index.php\/wp-json\/wp\/v2\/posts"}],"about":[{"href":"https:\/\/www.euroexit.org\/index.php\/wp-json\/wp\/v2\/types\/post"}],"author":[{"embeddable":true,"href":"https:\/\/www.euroexit.org\/index.php\/wp-json\/wp\/v2\/users\/3"}],"replies":[{"embeddable":true,"href":"https:\/\/www.euroexit.org\/index.php\/wp-json\/wp\/v2\/comments?post=1823"}],"version-history":[{"count":0,"href":"https:\/\/www.euroexit.org\/index.php\/wp-json\/wp\/v2\/posts\/1823\/revisions"}],"wp:attachment":[{"href":"https:\/\/www.euroexit.org\/index.php\/wp-json\/wp\/v2\/media?parent=1823"}],"wp:term":[{"taxonomy":"category","embeddable":true,"href":"https:\/\/www.euroexit.org\/index.php\/wp-json\/wp\/v2\/categories?post=1823"},{"taxonomy":"post_tag","embeddable":true,"href":"https:\/\/www.euroexit.org\/index.php\/wp-json\/wp\/v2\/tags?post=1823"}],"curies":[{"name":"wp","href":"https:\/\/api.w.org\/{rel}","templated":true}]}}