{"id":1885,"date":"2019-02-09T14:21:00","date_gmt":"2019-02-09T13:21:00","guid":{"rendered":"http:\/\/www.euroexit.org\/?p=1885"},"modified":"2019-02-09T14:21:00","modified_gmt":"2019-02-09T13:21:00","slug":"annette-groth-kritisiert-eu-jefta-bolkestein-und-atlas","status":"publish","type":"post","link":"https:\/\/www.euroexit.org\/index.php\/2019\/02\/09\/annette-groth-kritisiert-eu-jefta-bolkestein-und-atlas\/","title":{"rendered":"Annette Groth kritisiert EU: Jefta, Bolkestein und Atlas"},"content":{"rendered":"<p>Die unfreie Welt<br \/>\nDurch \u201eFreihandelsabkommen\u201c und sch\u00e4rfere Strafverfolgungsgesetze attackiert die EU die Demokratie.<\/p>\n<p>von Annette Groth, ehemalige Bundestagsabgeordnete der Linken<\/p>\n<p>Am 1. Februar 2019 tritt JEFTA, das Freihandelsabkommen der EU mit Japan, in Kraft. Dieser Artikel skizziert die m\u00f6glichen Auswirkungen auf Umwelt- und Verbraucherschutz. Am 15. Januar 2019 haben 160 zivilgesellschaftliche Organisationen Alarm geschlagen und warnen vor einer Versch\u00e4rfung der EU-Dienstleistungsrichtlinie, die die demokratischen Handlungsspielr\u00e4ume der Kommunen bedroht. Seit Anfang des Jahres betreibt das Netzwerk europ\u00e4ischer Polizeispezialeinheiten ATLAS ein \u201eUnterst\u00fctzungsb\u00fcro\u201c bei EUROPOL in Den Haag. Komplement\u00e4r dazu wird der Entwurf einer digitalen europ\u00e4ischen Strafverfolgungs-Verordnung vorgestellt, die massive Eingriffe in die Grundrechte bedeuten w\u00fcrde, falls sie verabschiedet wird. Alle Initiativen zielen auf Abbau demokratischer Rechte und Zementierung eines \u00dcberwachungsstaates.<\/p>\n<p><a href=\"https:\/\/www.rubikon.news\/artikel\/die-unfreie-welt\">https:\/\/www.rubikon.news\/artikel\/die-unfreie-welt<\/a><\/p>\n","protected":false},"excerpt":{"rendered":"<p>Die unfreie Welt Durch \u201eFreihandelsabkommen\u201c und sch\u00e4rfere Strafverfolgungsgesetze attackiert die EU die Demokratie. von Annette Groth, ehemalige Bundestagsabgeordnete der Linken &hellip; <a href=\"https:\/\/www.euroexit.org\/index.php\/2019\/02\/09\/annette-groth-kritisiert-eu-jefta-bolkestein-und-atlas\/\" class=\"more-link\"><span class=\"screen-reader-text\">\u201eAnnette Groth kritisiert EU: Jefta, Bolkestein und Atlas\u201c <\/span>weiterlesen<\/a><\/p>\n","protected":false},"author":2,"featured_media":1886,"comment_status":"closed","ping_status":"closed","sticky":false,"template":"","format":"standard","meta":{"advgb_blocks_editor_width":"","advgb_blocks_columns_visual_guide":""},"categories":[1],"tags":[],"author_meta":{"display_name":"Wilhelm Langthaler","author_link":"https:\/\/www.euroexit.org\/index.php\/author\/wilhelm\/"},"featured_img":"https:\/\/www.euroexit.org\/wp-content\/uploads\/2019\/02\/Groth_Annette-0428-300x200.jpg","coauthors":[],"tax_additional":{"categories":{"linked":["<a href=\"https:\/\/www.euroexit.org\/index.php\/category\/home\/\" class=\"advgb-post-tax-term\">Home<\/a>"],"unlinked":["<span class=\"advgb-post-tax-term\">Home<\/span>"]}},"comment_count":"0","relative_dates":{"created":"Posted 7 Jahren ago","modified":"Updated 7 Jahren ago"},"absolute_dates":{"created":"Posted on 9. Februar 2019","modified":"Updated on 9. Februar 2019"},"absolute_dates_time":{"created":"Posted on 9. Februar 2019 14:21","modified":"Updated on 9. Februar 2019 14:21"},"featured_img_caption":"","series_order":"","_links":{"self":[{"href":"https:\/\/www.euroexit.org\/index.php\/wp-json\/wp\/v2\/posts\/1885"}],"collection":[{"href":"https:\/\/www.euroexit.org\/index.php\/wp-json\/wp\/v2\/posts"}],"about":[{"href":"https:\/\/www.euroexit.org\/index.php\/wp-json\/wp\/v2\/types\/post"}],"author":[{"embeddable":true,"href":"https:\/\/www.euroexit.org\/index.php\/wp-json\/wp\/v2\/users\/2"}],"replies":[{"embeddable":true,"href":"https:\/\/www.euroexit.org\/index.php\/wp-json\/wp\/v2\/comments?post=1885"}],"version-history":[{"count":0,"href":"https:\/\/www.euroexit.org\/index.php\/wp-json\/wp\/v2\/posts\/1885\/revisions"}],"wp:featuredmedia":[{"embeddable":true,"href":"https:\/\/www.euroexit.org\/index.php\/wp-json\/wp\/v2\/media\/1886"}],"wp:attachment":[{"href":"https:\/\/www.euroexit.org\/index.php\/wp-json\/wp\/v2\/media?parent=1885"}],"wp:term":[{"taxonomy":"category","embeddable":true,"href":"https:\/\/www.euroexit.org\/index.php\/wp-json\/wp\/v2\/categories?post=1885"},{"taxonomy":"post_tag","embeddable":true,"href":"https:\/\/www.euroexit.org\/index.php\/wp-json\/wp\/v2\/tags?post=1885"}],"curies":[{"name":"wp","href":"https:\/\/api.w.org\/{rel}","templated":true}]}}