{"id":2004,"date":"2019-05-25T19:03:57","date_gmt":"2019-05-25T17:03:57","guid":{"rendered":"http:\/\/www.euroexit.org\/?p=2004"},"modified":"2019-05-25T19:03:59","modified_gmt":"2019-05-25T17:03:59","slug":"am-26-mai-gegen-die-neoliberale-europaeische-union","status":"publish","type":"post","link":"https:\/\/www.euroexit.org\/index.php\/2019\/05\/25\/am-26-mai-gegen-die-neoliberale-europaeische-union\/","title":{"rendered":"Am 26. Mai gegen die neoliberale Europ\u00e4ische Union"},"content":{"rendered":"\n<p>F\u00fcr eine wachsende Zahl an\nMenschen wird es immer klarer, dass die als Anhang der NATO entstandene\nEurop\u00e4ische Union eine neoliberale, oligarchische und gegen die Menschen\ngerichtete Konstruktion ist. Trotz der Krise der EU, trotz der immer tieferen\nKluft zwischen Arm und Reich und den wachsenden Ungleichgewichten zwischen\nverschiedenen L\u00e4ndern, trotz der Tatsache, dass Griechenland und andere L\u00e4nder\nS\u00fcdeuropas mit einer unbezahlbaren Schuldenlast am Rande des Kollapses stehen,\ntrotz alledem halten die herrschenden Eliten an ihrem neoliberalen\nEuropaprojekt fest, um damit den Staaten und Nationen die letzten Reste an\npolitischer und wirtschaftlicher Souver\u00e4nit\u00e4t zu nehmen.<\/p>\n\n\n\n<p>Die Wahlen zum\nEU-Parlament dienen den herrschenden Eliten dazu, den Schein demokratischer\nLegitimit\u00e4t f\u00fcr eine durch und durch oligarchische und gegen die Bev\u00f6lkerung\ngerichtete Union zu erwecken. Jeder wei\u00df, dass das Europ\u00e4ische Parlament ein\nScheinparlament ist, das keine reale gesetzgeberische Macht hat und dem Rat und\nder Kommission, in denen das merkantilistische Deutschland dominiert, v\u00f6llig\nuntergeordnet ist. <\/p>\n\n\n\n<p>Daher kann man\ndieser Wahl nur durch Enthaltung begegnen. Diese Position findet in der\nBev\u00f6lkerung verschiedener L\u00e4nder eine wachsende Unterst\u00fctzung. Es ist die\nPosition politischer Kr\u00e4ften, die ein Projekt der sozialen und wirtschaftlichen\nVer\u00e4nderung anstreben, das das kapitalistische System \u00fcberwindet, es ist eine\npatriotische und gleichzeitig internationalistische Position.<\/p>\n\n\n\n<p>Dennoch hat die\nAblehnung der neoliberalen EU heute auch andere Ausdrucksformen. Es gibt\nL\u00e4nder, in denen aufgrund der politischen Gegebenheiten derzeit die effektivste\nForm ein Nein zur EU und zum Euro sowie die Notwendigkeit eines Bruches zum Ausdruck\nzu bringen, eine Teilnahme an der Wahl und eine Stimme f\u00fcr jene Kr\u00e4fte jenen ist,\ndie f\u00fcr den Austritt aus der EU, dem Euro und der NATO stehen.<\/p>\n\n\n\n<p>Da die\nEurop\u00e4ische Koordination f\u00fcr den Austritt aus der EU, dem Euro und der NATO die\nSouver\u00e4nit\u00e4t der V\u00f6lker und Nationen anerkennt, erkennt sie auch die\nverschiedenen politischen Situationen in einzelnen L\u00e4ndern und dementsprechend die\nverschiedenen Optionen der nationalen politischen Organisationen. <\/p>\n\n\n\n<p>Der britische\nFall ist besonders offensichtlich. Was die Eliten am meisten f\u00fcrchten ist eine\nMehrheit f\u00fcr die Liste des Brexit.<\/p>\n\n\n\n<p>Italien ist ein weiterer\nFall, wo zum ersten Mal in der Geschichte vor zwei Jahren populistische Kr\u00e4fte\neine gro\u00dfe Mehrheit erhielten, da sie eine Position gegen den Euro vertraten, und\nnun die Regierung stellen. Die Eliten wollen die EU.-Wahlen in Italien in ein\nReferendum verwandeln, um diese Regierung zu st\u00fcrzen und Italien in die Knie zu\nzwingen.<\/p>\n\n\n\n<p>Die Organisationen,\ndie die Europ\u00e4ische Koordination f\u00fcr den Austritt aus der EU, dem Euro und der\nNato bilden arbeiten daran, dass der 26. Mai zu einer Niederlage der herrschenden\nKlassen und ihres neoliberalen europ\u00e4ischen Projekts wird, das wachsende Ungleichheit\nhervorruft und die Zerschlagung der sozialen Errungenschaften durch\nPrivatisierung von Gesundheit, Bildung und Pensionen vorantreibt. Ihre\nNiederlage w\u00e4re ein Sieg f\u00fcr die demokratische Sache und f\u00fcr die Kr\u00e4fte der Volkssouver\u00e4nit\u00e4t, ein Sieg der den Kampf f\u00fcr die Befreiung der V\u00f6lker und der\nArbeiterklasse st\u00e4rken w\u00fcrde. <\/p>\n\n\n\n<p><strong>Europ\u00e4ische Koordination f\u00fcr den Austritt aus der EU,\ndem Euro und der Nato<\/strong><\/p>\n","protected":false},"excerpt":{"rendered":"<p>F\u00fcr eine wachsende Zahl an Menschen wird es immer klarer, dass die als Anhang der NATO entstandene Europ\u00e4ische Union eine &hellip; <a href=\"https:\/\/www.euroexit.org\/index.php\/2019\/05\/25\/am-26-mai-gegen-die-neoliberale-europaeische-union\/\" class=\"more-link\"><span class=\"screen-reader-text\">\u201eAm 26. Mai gegen die neoliberale Europ\u00e4ische Union\u201c <\/span>weiterlesen<\/a><\/p>\n","protected":false},"author":2,"featured_media":2006,"comment_status":"closed","ping_status":"closed","sticky":false,"template":"","format":"standard","meta":{"advgb_blocks_editor_width":"","advgb_blocks_columns_visual_guide":""},"categories":[1],"tags":[],"author_meta":{"display_name":"Wilhelm Langthaler","author_link":"https:\/\/www.euroexit.org\/index.php\/author\/wilhelm\/"},"featured_img":"https:\/\/www.euroexit.org\/wp-content\/uploads\/2019\/05\/eurostop-300x125.jpg","coauthors":[],"tax_additional":{"categories":{"linked":["<a href=\"https:\/\/www.euroexit.org\/index.php\/category\/home\/\" class=\"advgb-post-tax-term\">Home<\/a>"],"unlinked":["<span class=\"advgb-post-tax-term\">Home<\/span>"]}},"comment_count":"0","relative_dates":{"created":"Posted 7 Jahren ago","modified":"Updated 7 Jahren ago"},"absolute_dates":{"created":"Posted on 25. Mai 2019","modified":"Updated on 25. Mai 2019"},"absolute_dates_time":{"created":"Posted on 25. Mai 2019 19:03","modified":"Updated on 25. Mai 2019 19:03"},"featured_img_caption":"","series_order":"","_links":{"self":[{"href":"https:\/\/www.euroexit.org\/index.php\/wp-json\/wp\/v2\/posts\/2004"}],"collection":[{"href":"https:\/\/www.euroexit.org\/index.php\/wp-json\/wp\/v2\/posts"}],"about":[{"href":"https:\/\/www.euroexit.org\/index.php\/wp-json\/wp\/v2\/types\/post"}],"author":[{"embeddable":true,"href":"https:\/\/www.euroexit.org\/index.php\/wp-json\/wp\/v2\/users\/2"}],"replies":[{"embeddable":true,"href":"https:\/\/www.euroexit.org\/index.php\/wp-json\/wp\/v2\/comments?post=2004"}],"version-history":[{"count":0,"href":"https:\/\/www.euroexit.org\/index.php\/wp-json\/wp\/v2\/posts\/2004\/revisions"}],"wp:featuredmedia":[{"embeddable":true,"href":"https:\/\/www.euroexit.org\/index.php\/wp-json\/wp\/v2\/media\/2006"}],"wp:attachment":[{"href":"https:\/\/www.euroexit.org\/index.php\/wp-json\/wp\/v2\/media?parent=2004"}],"wp:term":[{"taxonomy":"category","embeddable":true,"href":"https:\/\/www.euroexit.org\/index.php\/wp-json\/wp\/v2\/categories?post=2004"},{"taxonomy":"post_tag","embeddable":true,"href":"https:\/\/www.euroexit.org\/index.php\/wp-json\/wp\/v2\/tags?post=2004"}],"curies":[{"name":"wp","href":"https:\/\/api.w.org\/{rel}","templated":true}]}}