{"id":2106,"date":"2019-10-08T21:15:57","date_gmt":"2019-10-08T19:15:57","guid":{"rendered":"http:\/\/www.euroexit.org\/?p=2106"},"modified":"2019-10-08T21:15:59","modified_gmt":"2019-10-08T19:15:59","slug":"erste-linkssouveraenisten-demo-in-italien","status":"publish","type":"post","link":"https:\/\/www.euroexit.org\/index.php\/2019\/10\/08\/erste-linkssouveraenisten-demo-in-italien\/","title":{"rendered":"Erste Linkssouver\u00e4nisten-Demo in Italien"},"content":{"rendered":"\n<p>Verfassungspatriotische Demo f\u00fcr den Euro-Austritt in Rom am 12. Oktober 2019<\/p>\n\n\n\n<p>[Bild: Tiziana Alterio, Journalistin und Kandidatin f\u00fcr die F\u00fcnfsterne]<\/p>\n\n\n\n<p>&nbsp;Eigentlich handelt es sich um die erste\ngr\u00f6\u00dfere Demo, die offensiv und zentral f\u00fcr den Italexit eintritt. Die Idee\nstammt vom \u201eMovimento Populare di Liberazione\u201c (MPL) und fand guten Zuspruch im\nMilieu, das sich linkspatriotisch nennt. Sehr schnell schlossen sich Hunderte\nIntellektuelle, Aktivisten, Blogger und normale B\u00fcrger an, oft aus dem gro\u00dfen\nPool der ehemaligen W\u00e4hler der F\u00fcnfsterne (M5S). Viele von ihnen sto\u00dfen zum\nersten Mal in die Sph\u00e4re aktiven politischen Engagements vor.<\/p>\n\n\n\n<p>Ende Juli\nbildete sich ein Vorbereitungskomitee, das einen Aufruf mit f\u00fcnf Forderungen\nherausbrachte:<\/p>\n\n\n\n<ul><li>Raus\naus der EU-Falle<\/li><li>Wiederherstellung\nder W\u00e4hrungssouver\u00e4nit\u00e4t<\/li><li>Wiedergewinnung\nder Demokratie<\/li><li>Verfassung\nvon 1948 anwenden<\/li><li>Arbeit\nund W\u00fcrde f\u00fcr Alle<\/li><\/ul>\n\n\n\n<p>In der Zwischenzeit haben Tausende den Aufruf \u201e<a href=\"http:\/\/www.liberiamolitalia.org\">Liberiamo L\u2019Italia<\/a>\u201c unterzeichnet, einschlie\u00dflich vieler Dissidenten der M5S. Der Bekannteste unter ihnen ist vielleicht Gianluca Paragone, ein bekannter Journalist und ehemaliger Senator der M5S.<\/p>\n\n\n\n<p>Das\nVorbereitungskomitee wird nur Fahnen der Italienischen Republik sowie den\nhistorischen \u201eKomitees der Nationalen Befreiung\u201c (CLN), unter dessen F\u00fchrung\nItalien von der Nazi-deutschen Besatzung befreit wurde, zulassen.<\/p>\n\n\n\n<p>Man muss\nsich vergegenw\u00e4rtigen, dass die Demonstration in Konkurrenz zur Lega Matteo\nSalvinis stattfindet, die f\u00fcr eine Woche sp\u00e4ter zu einer eigenen Demo\naufgerufen hat, an der sich verschiedene Rechtsparteien beteiligen werden. Die\nMobilisierung vom 12.10. hat sich also als klare politische Alternative zur\nLega positioniert.<\/p>\n\n\n\n<p>Der\nDemo-Aufruf war noch unter der populistischen Koalitionsregierung von\nF\u00fcnfsternen und Lega lanciert wurden, die in der Zwischenzeit von Salvini\ngest\u00fcrzt worden ist. Das Vorbereitungskomitee hat die neue Koalition aus\nDemokratischer Partei (PD) und M5S als Regierung der \u201eeurokratischen\nRestauration\u201c verurteilt.<\/p>\n\n\n\n<p>Ziel ist es\ndas Momentum des 12. Oktober f\u00fcr die Bildung einer demokratischen\nMassenbewegung zu nutzen, die sowohl von Mitterechts als auch Mittelinks\nunabh\u00e4ngig ist.<\/p>\n\n\n\n<p>Bei der\nSchlusskundgebung sind zahlreiche reden vorgesehen, unter anderen von\nausl\u00e4ndischen Delegierten. Am Vormittag ist ein Zusammentreffen zwischen den\nG\u00e4sten aus dem Ausland und den Veranstaltern vorgesehen. <\/p>\n","protected":false},"excerpt":{"rendered":"<p>Verfassungspatriotische Demo f\u00fcr den Euro-Austritt in Rom am 12. Oktober 2019 [Bild: Tiziana Alterio, Journalistin und Kandidatin f\u00fcr die F\u00fcnfsterne] &hellip; <a href=\"https:\/\/www.euroexit.org\/index.php\/2019\/10\/08\/erste-linkssouveraenisten-demo-in-italien\/\" class=\"more-link\"><span class=\"screen-reader-text\">\u201eErste Linkssouver\u00e4nisten-Demo in Italien\u201c <\/span>weiterlesen<\/a><\/p>\n","protected":false},"author":2,"featured_media":2107,"comment_status":"closed","ping_status":"closed","sticky":false,"template":"","format":"standard","meta":{"advgb_blocks_editor_width":"","advgb_blocks_columns_visual_guide":""},"categories":[1],"tags":[],"author_meta":{"display_name":"Wilhelm Langthaler","author_link":"https:\/\/www.euroexit.org\/index.php\/author\/wilhelm\/"},"featured_img":"https:\/\/www.euroexit.org\/wp-content\/uploads\/2019\/10\/alterio-300x197.jpg","coauthors":[],"tax_additional":{"categories":{"linked":["<a href=\"https:\/\/www.euroexit.org\/index.php\/category\/home\/\" class=\"advgb-post-tax-term\">Home<\/a>"],"unlinked":["<span class=\"advgb-post-tax-term\">Home<\/span>"]}},"comment_count":"0","relative_dates":{"created":"Posted 7 Jahren ago","modified":"Updated 7 Jahren ago"},"absolute_dates":{"created":"Posted on 8. Oktober 2019","modified":"Updated on 8. Oktober 2019"},"absolute_dates_time":{"created":"Posted on 8. Oktober 2019 21:15","modified":"Updated on 8. Oktober 2019 21:15"},"featured_img_caption":"","series_order":"","_links":{"self":[{"href":"https:\/\/www.euroexit.org\/index.php\/wp-json\/wp\/v2\/posts\/2106"}],"collection":[{"href":"https:\/\/www.euroexit.org\/index.php\/wp-json\/wp\/v2\/posts"}],"about":[{"href":"https:\/\/www.euroexit.org\/index.php\/wp-json\/wp\/v2\/types\/post"}],"author":[{"embeddable":true,"href":"https:\/\/www.euroexit.org\/index.php\/wp-json\/wp\/v2\/users\/2"}],"replies":[{"embeddable":true,"href":"https:\/\/www.euroexit.org\/index.php\/wp-json\/wp\/v2\/comments?post=2106"}],"version-history":[{"count":1,"href":"https:\/\/www.euroexit.org\/index.php\/wp-json\/wp\/v2\/posts\/2106\/revisions"}],"predecessor-version":[{"id":2108,"href":"https:\/\/www.euroexit.org\/index.php\/wp-json\/wp\/v2\/posts\/2106\/revisions\/2108"}],"wp:featuredmedia":[{"embeddable":true,"href":"https:\/\/www.euroexit.org\/index.php\/wp-json\/wp\/v2\/media\/2107"}],"wp:attachment":[{"href":"https:\/\/www.euroexit.org\/index.php\/wp-json\/wp\/v2\/media?parent=2106"}],"wp:term":[{"taxonomy":"category","embeddable":true,"href":"https:\/\/www.euroexit.org\/index.php\/wp-json\/wp\/v2\/categories?post=2106"},{"taxonomy":"post_tag","embeddable":true,"href":"https:\/\/www.euroexit.org\/index.php\/wp-json\/wp\/v2\/tags?post=2106"}],"curies":[{"name":"wp","href":"https:\/\/api.w.org\/{rel}","templated":true}]}}