{"id":2218,"date":"2017-10-28T23:34:52","date_gmt":"2017-10-28T21:34:52","guid":{"rendered":"http:\/\/www.euroexit.org\/?p=2218"},"modified":"2019-10-16T23:48:26","modified_gmt":"2019-10-16T21:48:26","slug":"neutralitaet-oder-eu-grossmacht","status":"publish","type":"post","link":"https:\/\/www.euroexit.org\/index.php\/2017\/10\/28\/neutralitaet-oder-eu-grossmacht\/","title":{"rendered":"Neutralit\u00e4t oder EU-Gro\u00dfmacht?"},"content":{"rendered":"\n<figure class=\"wp-block-embed-youtube wp-block-embed is-type-video is-provider-youtube wp-embed-aspect-16-9 wp-has-aspect-ratio\"><div class=\"wp-block-embed__wrapper\">\n<iframe loading=\"lazy\" title=\"Nation \u00d6sterreich \u2013 Neutralit\u00e4t oder europ\u00e4ischer Gro\u00dfmachtwahn\" width=\"840\" height=\"473\" src=\"https:\/\/www.youtube.com\/embed\/GB8u7IMD0Uk?feature=oembed\" frameborder=\"0\" allow=\"accelerometer; autoplay; encrypted-media; gyroscope; picture-in-picture\" allowfullscreen><\/iframe>\n<\/div><\/figure>\n\n\n\n<p>Diskutanten:\nErnst Bruckm\u00fcller, em. Prof. Univ. Wien, \u00d6AW\nWilfried Garscha, Historiker, Mitarbeiter der Alfred Klahr Gesellschaft und des D\u00d6W\nAlbert F. Reiterer, Demograph und Sozialwissenschaftler, Wien und Innsbruck\n\nModeration:\n Andrea Komlosy, Professorin am Institut f\u00fcr Wirtschafts- und Sozialgeschichte Uni Wien\n\n\nVeranstalter: \nPersonenkomitee Euroexit, Solidarwerkstatt<\/p>\n","protected":false},"excerpt":{"rendered":"<p>Diskutanten: Ernst Bruckm\u00fcller, em. Prof. Univ. Wien, \u00d6AW Wilfried Garscha, Historiker, Mitarbeiter der Alfred Klahr Gesellschaft und des D\u00d6W Albert &hellip; <a href=\"https:\/\/www.euroexit.org\/index.php\/2017\/10\/28\/neutralitaet-oder-eu-grossmacht\/\" class=\"more-link\"><span class=\"screen-reader-text\">\u201eNeutralit\u00e4t oder EU-Gro\u00dfmacht?\u201c <\/span>weiterlesen<\/a><\/p>\n","protected":false},"author":2,"featured_media":0,"comment_status":"closed","ping_status":"closed","sticky":false,"template":"","format":"standard","meta":{"advgb_blocks_editor_width":"","advgb_blocks_columns_visual_guide":""},"categories":[44],"tags":[],"author_meta":{"display_name":"Wilhelm Langthaler","author_link":"https:\/\/www.euroexit.org\/index.php\/author\/wilhelm\/"},"featured_img":null,"coauthors":[],"tax_additional":{"categories":{"linked":["<a href=\"https:\/\/www.euroexit.org\/index.php\/category\/video\/\" class=\"advgb-post-tax-term\">Video<\/a>"],"unlinked":["<span class=\"advgb-post-tax-term\">Video<\/span>"]}},"comment_count":"0","relative_dates":{"created":"Posted 9 Jahren ago","modified":"Updated 7 Jahren ago"},"absolute_dates":{"created":"Posted on 28. Oktober 2017","modified":"Updated on 16. Oktober 2019"},"absolute_dates_time":{"created":"Posted on 28. Oktober 2017 23:34","modified":"Updated on 16. Oktober 2019 23:48"},"featured_img_caption":"","series_order":"","_links":{"self":[{"href":"https:\/\/www.euroexit.org\/index.php\/wp-json\/wp\/v2\/posts\/2218"}],"collection":[{"href":"https:\/\/www.euroexit.org\/index.php\/wp-json\/wp\/v2\/posts"}],"about":[{"href":"https:\/\/www.euroexit.org\/index.php\/wp-json\/wp\/v2\/types\/post"}],"author":[{"embeddable":true,"href":"https:\/\/www.euroexit.org\/index.php\/wp-json\/wp\/v2\/users\/2"}],"replies":[{"embeddable":true,"href":"https:\/\/www.euroexit.org\/index.php\/wp-json\/wp\/v2\/comments?post=2218"}],"version-history":[{"count":2,"href":"https:\/\/www.euroexit.org\/index.php\/wp-json\/wp\/v2\/posts\/2218\/revisions"}],"predecessor-version":[{"id":2220,"href":"https:\/\/www.euroexit.org\/index.php\/wp-json\/wp\/v2\/posts\/2218\/revisions\/2220"}],"wp:attachment":[{"href":"https:\/\/www.euroexit.org\/index.php\/wp-json\/wp\/v2\/media?parent=2218"}],"wp:term":[{"taxonomy":"category","embeddable":true,"href":"https:\/\/www.euroexit.org\/index.php\/wp-json\/wp\/v2\/categories?post=2218"},{"taxonomy":"post_tag","embeddable":true,"href":"https:\/\/www.euroexit.org\/index.php\/wp-json\/wp\/v2\/tags?post=2218"}],"curies":[{"name":"wp","href":"https:\/\/api.w.org\/{rel}","templated":true}]}}