{"id":2224,"date":"2017-01-26T23:39:36","date_gmt":"2017-01-26T22:39:36","guid":{"rendered":"http:\/\/www.euroexit.org\/?p=2224"},"modified":"2019-10-16T23:48:40","modified_gmt":"2019-10-16T21:48:40","slug":"demokratie-oder-freihandel","status":"publish","type":"post","link":"https:\/\/www.euroexit.org\/index.php\/2017\/01\/26\/demokratie-oder-freihandel\/","title":{"rendered":"Demokratie oder Freihandel?"},"content":{"rendered":"\n<figure class=\"wp-block-embed-youtube wp-block-embed is-type-video is-provider-youtube wp-embed-aspect-16-9 wp-has-aspect-ratio\"><div class=\"wp-block-embed__wrapper\">\n<iframe loading=\"lazy\" title=\"Demokratie und Freihandel - ein Widerspruch?\" width=\"840\" height=\"473\" src=\"https:\/\/www.youtube.com\/embed\/kexVjMY5L1s?feature=oembed\" frameborder=\"0\" allow=\"accelerometer; autoplay; encrypted-media; gyroscope; picture-in-picture\" allowfullscreen><\/iframe>\n<\/div><\/figure>\n\n\n\n<p>* Herbert Thumpser, Initiator des Anti-Ceta-Volksbegehens und \nN\u00d6-Landtagsabgeordneter f\u00fcr die SP\u00d6\n* Marcus Strohmeier, internationaler Sekret\u00e4r des \u00d6GB\n* Harald Troch, Nationalratsabgeordneter und Vorsitzender der SP\u00d6 Simmering\n* Gernot Bodner, Assistenzprofessor f\u00fcr Nutzpflanzen\u00f6kologie an der \nUniversit\u00e4t f\u00fcr Bodenkultur, Mitglied des Personenkomitees Euroexit\n* Iris Friedrich, AHS-Lehrerin, freischaffende K\u00fcnstlerin, \nSympathisantin der von Roland D\u00fcringer ins Leben gerufenen G!LT-Initiative\n\nModeration: Boris Lechthaler, Solidarwerkstatt\nVeranstalter: Initiative Demokratie statt Freihandel\n\n<a href=\"https:\/\/www.youtube.com\/redirect?redir_token=X0VMAj1WTOijiwqBCXn2dv6yo3F8MTU3MTM0ODM1OUAxNTcxMjYxOTU5&amp;v=kexVjMY5L1s&amp;q=http%3A%2F%2Fwww.euroexit.org%2Findex.php%2F2017%2F01%2F22%2Fauch-bestehende-oesterreichische-freihandelsabkommen-zuungunsten-osteuropas-kritisieren%2F&amp;event=video_description\" rel=\"noreferrer noopener\" target=\"_blank\">https:\/\/www.euroexit.org\/index.php\/201&#8230;<\/a>\n\n17. Januar 2017\nVeranstaltungszentrum, Praterstern 1, 1020 Wien<\/p>\n","protected":false},"excerpt":{"rendered":"<p>* Herbert Thumpser, Initiator des Anti-Ceta-Volksbegehens und N\u00d6-Landtagsabgeordneter f\u00fcr die SP\u00d6 * Marcus Strohmeier, internationaler Sekret\u00e4r des \u00d6GB * Harald &hellip; <a href=\"https:\/\/www.euroexit.org\/index.php\/2017\/01\/26\/demokratie-oder-freihandel\/\" class=\"more-link\"><span class=\"screen-reader-text\">\u201eDemokratie oder Freihandel?\u201c <\/span>weiterlesen<\/a><\/p>\n","protected":false},"author":2,"featured_media":0,"comment_status":"closed","ping_status":"closed","sticky":false,"template":"","format":"standard","meta":{"advgb_blocks_editor_width":"","advgb_blocks_columns_visual_guide":""},"categories":[44],"tags":[],"author_meta":{"display_name":"Wilhelm Langthaler","author_link":"https:\/\/www.euroexit.org\/index.php\/author\/wilhelm\/"},"featured_img":null,"coauthors":[],"tax_additional":{"categories":{"linked":["<a href=\"https:\/\/www.euroexit.org\/index.php\/category\/video\/\" class=\"advgb-post-tax-term\">Video<\/a>"],"unlinked":["<span class=\"advgb-post-tax-term\">Video<\/span>"]}},"comment_count":"0","relative_dates":{"created":"Posted 9 Jahren ago","modified":"Updated 7 Jahren ago"},"absolute_dates":{"created":"Posted on 26. Januar 2017","modified":"Updated on 16. Oktober 2019"},"absolute_dates_time":{"created":"Posted on 26. Januar 2017 23:39","modified":"Updated on 16. Oktober 2019 23:48"},"featured_img_caption":"","series_order":"","_links":{"self":[{"href":"https:\/\/www.euroexit.org\/index.php\/wp-json\/wp\/v2\/posts\/2224"}],"collection":[{"href":"https:\/\/www.euroexit.org\/index.php\/wp-json\/wp\/v2\/posts"}],"about":[{"href":"https:\/\/www.euroexit.org\/index.php\/wp-json\/wp\/v2\/types\/post"}],"author":[{"embeddable":true,"href":"https:\/\/www.euroexit.org\/index.php\/wp-json\/wp\/v2\/users\/2"}],"replies":[{"embeddable":true,"href":"https:\/\/www.euroexit.org\/index.php\/wp-json\/wp\/v2\/comments?post=2224"}],"version-history":[{"count":2,"href":"https:\/\/www.euroexit.org\/index.php\/wp-json\/wp\/v2\/posts\/2224\/revisions"}],"predecessor-version":[{"id":2226,"href":"https:\/\/www.euroexit.org\/index.php\/wp-json\/wp\/v2\/posts\/2224\/revisions\/2226"}],"wp:attachment":[{"href":"https:\/\/www.euroexit.org\/index.php\/wp-json\/wp\/v2\/media?parent=2224"}],"wp:term":[{"taxonomy":"category","embeddable":true,"href":"https:\/\/www.euroexit.org\/index.php\/wp-json\/wp\/v2\/categories?post=2224"},{"taxonomy":"post_tag","embeddable":true,"href":"https:\/\/www.euroexit.org\/index.php\/wp-json\/wp\/v2\/tags?post=2224"}],"curies":[{"name":"wp","href":"https:\/\/api.w.org\/{rel}","templated":true}]}}