{"id":2233,"date":"2019-10-13T23:44:19","date_gmt":"2019-10-13T21:44:19","guid":{"rendered":"http:\/\/www.euroexit.org\/?p=2233"},"modified":"2019-10-17T10:07:49","modified_gmt":"2019-10-17T08:07:49","slug":"warum-ich-fuer-den-italexit-bin","status":"publish","type":"post","link":"https:\/\/www.euroexit.org\/index.php\/2019\/10\/13\/warum-ich-fuer-den-italexit-bin\/","title":{"rendered":"Warum ich f\u00fcr den Italexit bin"},"content":{"rendered":"\n<figure class=\"wp-block-embed-youtube wp-block-embed is-type-video is-provider-youtube wp-embed-aspect-16-9 wp-has-aspect-ratio\"><div class=\"wp-block-embed__wrapper\">\n<iframe loading=\"lazy\" title=\"Warum ich f\u00fcr den Italexit bin\" width=\"840\" height=\"473\" src=\"https:\/\/www.youtube.com\/embed\/5AGLXh9T2uU?feature=oembed\" frameborder=\"0\" allow=\"accelerometer; autoplay; encrypted-media; gyroscope; picture-in-picture\" allowfullscreen><\/iframe>\n<\/div><\/figure>\n\n\n\n<p>Der 18-j\u00e4hrige Sch\u00fcler aus Genua, Filippo Dellepiane, erk\u00e4rt, warum der EU-Austritt Italien eine Zukunft geben kann.<\/p>\n","protected":false},"excerpt":{"rendered":"<p>Der 18-j\u00e4hrige Sch\u00fcler aus Genua, Filippo Dellepiane, erk\u00e4rt, warum der EU-Austritt Italien eine Zukunft geben kann.<\/p>\n","protected":false},"author":2,"featured_media":0,"comment_status":"closed","ping_status":"closed","sticky":false,"template":"","format":"standard","meta":{"advgb_blocks_editor_width":"","advgb_blocks_columns_visual_guide":""},"categories":[44],"tags":[],"author_meta":{"display_name":"Wilhelm Langthaler","author_link":"https:\/\/www.euroexit.org\/index.php\/author\/wilhelm\/"},"featured_img":null,"coauthors":[],"tax_additional":{"categories":{"linked":["<a href=\"https:\/\/www.euroexit.org\/index.php\/category\/video\/\" class=\"advgb-post-tax-term\">Video<\/a>"],"unlinked":["<span class=\"advgb-post-tax-term\">Video<\/span>"]}},"comment_count":"0","relative_dates":{"created":"Posted 7 Jahren ago","modified":"Updated 7 Jahren ago"},"absolute_dates":{"created":"Posted on 13. Oktober 2019","modified":"Updated on 17. Oktober 2019"},"absolute_dates_time":{"created":"Posted on 13. Oktober 2019 23:44","modified":"Updated on 17. Oktober 2019 10:07"},"featured_img_caption":"","series_order":"","_links":{"self":[{"href":"https:\/\/www.euroexit.org\/index.php\/wp-json\/wp\/v2\/posts\/2233"}],"collection":[{"href":"https:\/\/www.euroexit.org\/index.php\/wp-json\/wp\/v2\/posts"}],"about":[{"href":"https:\/\/www.euroexit.org\/index.php\/wp-json\/wp\/v2\/types\/post"}],"author":[{"embeddable":true,"href":"https:\/\/www.euroexit.org\/index.php\/wp-json\/wp\/v2\/users\/2"}],"replies":[{"embeddable":true,"href":"https:\/\/www.euroexit.org\/index.php\/wp-json\/wp\/v2\/comments?post=2233"}],"version-history":[{"count":2,"href":"https:\/\/www.euroexit.org\/index.php\/wp-json\/wp\/v2\/posts\/2233\/revisions"}],"predecessor-version":[{"id":2235,"href":"https:\/\/www.euroexit.org\/index.php\/wp-json\/wp\/v2\/posts\/2233\/revisions\/2235"}],"wp:attachment":[{"href":"https:\/\/www.euroexit.org\/index.php\/wp-json\/wp\/v2\/media?parent=2233"}],"wp:term":[{"taxonomy":"category","embeddable":true,"href":"https:\/\/www.euroexit.org\/index.php\/wp-json\/wp\/v2\/categories?post=2233"},{"taxonomy":"post_tag","embeddable":true,"href":"https:\/\/www.euroexit.org\/index.php\/wp-json\/wp\/v2\/tags?post=2233"}],"curies":[{"name":"wp","href":"https:\/\/api.w.org\/{rel}","templated":true}]}}