{"id":2269,"date":"2020-02-18T22:27:56","date_gmt":"2020-02-18T21:27:56","guid":{"rendered":"http:\/\/www.euroexit.org\/?p=2269"},"modified":"2020-02-18T22:27:57","modified_gmt":"2020-02-18T21:27:57","slug":"mind-the-gap","status":"publish","type":"post","link":"https:\/\/www.euroexit.org\/index.php\/2020\/02\/18\/mind-the-gap\/","title":{"rendered":"Mind the Gap"},"content":{"rendered":"\n<p>ein Dokumentarfilm von Robert Schabus<\/p>\n\n\n\n<p>\u00d6sterreich 2020<\/p>\n\n\n\n<p>Es ist eine Dokumentation der besonderen Art \u00fcber die\nEurop\u00e4ische Union. Es sind nicht die Gewinner des neoliberalen Projekts, die\n\u00fcblicherweise die Medienlandschaft beherrschen, sondern die gro\u00dfen Massen der\nVerlierer in Frankreich, Gro\u00dfbritannien, Griechenland und anderen EU- L\u00e4ndern,\ndenen eine Stimme gegeben wird. Eine ehrliche, authentische Stimme, der mit der\nAchtung begegnet wird, die sie verdient! Die Menschen schildern ihre\nLebensbedingungen, f\u00fcr die Europa sich sch\u00e4men muss, sie f\u00fchlen sich verraten\nund im Stich gelassen und sie setzen sich mit der Situation auf verschiedene\nWeise auseinander. Der besondere Verdienst der Dokumentation ist, dass man diesen\nMenschen zuh\u00f6ren mag. Sie werden, nur weil sie beispielsweise f\u00fcr den Brexit\nsind, nicht in ein Rassisteneck oder sonst ein Eck, wo man sich angeblich nicht\nmit ihnen auseinander zu setzen braucht, gestellt \u2013&nbsp; man nimmt ihre Argumente ernst und will mehr\nverstehen, wenn man wirklich zuh\u00f6rt. <\/p>\n\n\n\n<p>Untermauert durch die wichtigsten Fakten der Entwicklung der\nletzten Jahre, wie zum Beispiel die Missachtung des Willens des griechischen\nVolkes zu seiner weiteren Erdrosselung durch die EU, und den Beitr\u00e4gen\nverschiedener Analytiker, stellt die Dokumentation insgesamt implizit das\nEU-Projekt in Frage.<\/p>\n\n\n\n<p>Elisabeth Lindner-Riegler &nbsp;<\/p>\n","protected":false},"excerpt":{"rendered":"<p>ein Dokumentarfilm von Robert Schabus \u00d6sterreich 2020 Es ist eine Dokumentation der besonderen Art \u00fcber die Europ\u00e4ische Union. Es sind &hellip; <a href=\"https:\/\/www.euroexit.org\/index.php\/2020\/02\/18\/mind-the-gap\/\" class=\"more-link\"><span class=\"screen-reader-text\">\u201eMind the Gap\u201c <\/span>weiterlesen<\/a><\/p>\n","protected":false},"author":2,"featured_media":2270,"comment_status":"closed","ping_status":"closed","sticky":false,"template":"","format":"standard","meta":{"advgb_blocks_editor_width":"","advgb_blocks_columns_visual_guide":""},"categories":[1],"tags":[],"author_meta":{"display_name":"Wilhelm Langthaler","author_link":"https:\/\/www.euroexit.org\/index.php\/author\/wilhelm\/"},"featured_img":"https:\/\/www.euroexit.org\/wp-content\/uploads\/2020\/02\/Sequenz-01.00_31_42_05.Standbild011-300x169.jpg","coauthors":[],"tax_additional":{"categories":{"linked":["<a href=\"https:\/\/www.euroexit.org\/index.php\/category\/home\/\" class=\"advgb-post-tax-term\">Home<\/a>"],"unlinked":["<span class=\"advgb-post-tax-term\">Home<\/span>"]}},"comment_count":"0","relative_dates":{"created":"Posted 6 Jahren ago","modified":"Updated 6 Jahren ago"},"absolute_dates":{"created":"Posted on 18. Februar 2020","modified":"Updated on 18. Februar 2020"},"absolute_dates_time":{"created":"Posted on 18. Februar 2020 22:27","modified":"Updated on 18. Februar 2020 22:27"},"featured_img_caption":"","series_order":"","_links":{"self":[{"href":"https:\/\/www.euroexit.org\/index.php\/wp-json\/wp\/v2\/posts\/2269"}],"collection":[{"href":"https:\/\/www.euroexit.org\/index.php\/wp-json\/wp\/v2\/posts"}],"about":[{"href":"https:\/\/www.euroexit.org\/index.php\/wp-json\/wp\/v2\/types\/post"}],"author":[{"embeddable":true,"href":"https:\/\/www.euroexit.org\/index.php\/wp-json\/wp\/v2\/users\/2"}],"replies":[{"embeddable":true,"href":"https:\/\/www.euroexit.org\/index.php\/wp-json\/wp\/v2\/comments?post=2269"}],"version-history":[{"count":1,"href":"https:\/\/www.euroexit.org\/index.php\/wp-json\/wp\/v2\/posts\/2269\/revisions"}],"predecessor-version":[{"id":2271,"href":"https:\/\/www.euroexit.org\/index.php\/wp-json\/wp\/v2\/posts\/2269\/revisions\/2271"}],"wp:featuredmedia":[{"embeddable":true,"href":"https:\/\/www.euroexit.org\/index.php\/wp-json\/wp\/v2\/media\/2270"}],"wp:attachment":[{"href":"https:\/\/www.euroexit.org\/index.php\/wp-json\/wp\/v2\/media?parent=2269"}],"wp:term":[{"taxonomy":"category","embeddable":true,"href":"https:\/\/www.euroexit.org\/index.php\/wp-json\/wp\/v2\/categories?post=2269"},{"taxonomy":"post_tag","embeddable":true,"href":"https:\/\/www.euroexit.org\/index.php\/wp-json\/wp\/v2\/tags?post=2269"}],"curies":[{"name":"wp","href":"https:\/\/api.w.org\/{rel}","templated":true}]}}