{"id":2365,"date":"2020-07-13T15:37:51","date_gmt":"2020-07-13T13:37:51","guid":{"rendered":"https:\/\/www.euroexit.org\/?p=2365"},"modified":"2020-07-29T23:17:25","modified_gmt":"2020-07-29T21:17:25","slug":"10-10-20-rom-arbeit-einkommen-souveraenitaet-demokratie","status":"publish","type":"post","link":"https:\/\/www.euroexit.org\/index.php\/2020\/07\/13\/10-10-20-rom-arbeit-einkommen-souveraenitaet-demokratie\/","title":{"rendered":"10.10.20 Rom: Arbeit, Einkommen, Souver\u00e4nit\u00e4t, Demokratie"},"content":{"rendered":"\n<p><strong>Marsch der Freiheit<\/strong><\/p>\n\n\n\n<p>Jahrzehntelang haben die arbeitenden Menschen harte Opfer gebracht. Die Regierungen und Eliten haben uns versprochen, dass die freien M\u00e4rkte uns zu einem gerechteren und demokratischeren Land machen, in einem vereinten und solidarischen Europa. Das Ergebnis ist offensichtlich: Die Europ\u00e4ische Union zerf\u00e4llt und Italien steht vor einer existentiellen Krise.<\/p>\n\n\n\n<p>Es ist die Schuld der herrschenden Klassen, dass wir an diesem Punkt angelangt sind und nun rechtfertigen sie sich mit der Pandemie. Nur durch die von der EU erzwungenen, und von der italienischen Regierung durchgef\u00fchrten K\u00fcrzungen im Gesundheitswesen haben Tausende von Menschen, vor allem aus den sozial schw\u00e4chsten Schichten, durch das Virus ihr Leben verloren.<\/p>\n\n\n\n<p>Aber es ist nicht das Virus, das ganze Wirtschaftssektoren ausl\u00f6scht, Unternehmen in den Konkurs treibt, Arbeitspl\u00e4tze vernichtet und Millionen von Italienern in die Armut treibt. Diese Krise ist das Ergebnis chronischer M\u00e4ngel der neoliberalen Wirtschaft und der unverh\u00e4ltnism\u00e4\u00dfigen und falschen Ma\u00dfnahmen der Regierung im Kampf gegen Covid-19, die neben der Aussetzung der Demokratie das Land l\u00e4hmte, schw\u00e4chte, ohne finanzielle Mittel zur\u00fccklie\u00df und einen wirtschaftlichen Abschwung verursachte.<\/p>\n\n\n\n<p>Um diesen Niedergang abzuwenden, ist eine klare Kursumkehr erforderlich. Die herrschenden Klassen d\u00fcrfen nicht mehr in der Regierung vertreten sein und Italien muss sich aus dem neoliberalen Korsett der Europ\u00e4ischen Union befreien, um den Weg der sozialen Demokratie und Volkssouver\u00e4nit\u00e4t einzuschlagen.<\/p>\n\n\n\n<p>Die italienische Verfassung von 1948 wird uns die Richtung vorgeben.<\/p>\n\n\n\n<p>Der Gegner erscheint nur deshalb stark, weil die Bev\u00f6lkerung entmutigt ist. Wenn sie aufstehen w\u00fcrde, w\u00e4re sie unbesiegbar. Sie muss sich ihrer St\u00e4rke bewusst werden. Jene, die voraus sind, m\u00fcssen die Zur\u00fcckgebliebenen mitrei\u00dfen, jene die die Fakten kennen, m\u00fcssen das Vertrauen der Menschen gewinnen und ihnen erkl\u00e4ren, dass nur durch die Konfrontation das Schlimmste verhindert werden und Italien sich wieder erholen kann. Diejenigen, die in den letzten Jahren den Widerstand am Leben gehalten haben, m\u00fcssen sich vereinen und auf die gro\u00dfe Herausforderung die vor uns liegt vorbereiten. Sie m\u00fcssen ein Beispiel geben, indem sie die Keimzelle einer gro\u00dfen Volksbewegung sind.<\/p>\n\n\n\n<p>In diesem Sinne m\u00f6chten wir folgendes vorschlagen: Lasst uns am 10. Oktober einen gro\u00dfen MARSCH DER FREIHEIT veranstalten, der von verschiedenen Punkten des Landes aus in die Hauptstadt f\u00fchrt.<\/p>\n\n\n\n<p>Ein Marsch f\u00fcr Arbeit, Einkommen, Souver\u00e4nit\u00e4t und Demokratie.<\/p>\n\n\n\n<p>Lasst uns zusammensetzen, um daf\u00fcr zu werben und alles gemeinsam zu organisieren.<\/p>\n\n\n\n<p>Jeder soll Verantwortung \u00fcbernehmen.<\/p>\n\n\n\n<p><strong>Unsere Forderungen:<\/strong><\/p>\n\n\n\n<ul><li>Wir fordern eine souver\u00e4ne W\u00e4hrung in einem souver\u00e4nen Staat<\/li><\/ul>\n\n\n\n<ul><li>Wir fordern ein Programm f\u00fcr Investitionen und Arbeit zur Beseitigung der Arbeitslosigkeit<\/li><\/ul>\n\n\n\n<ul><li>Wir fordern eine Erh\u00f6hung der L\u00f6hne und eine Grundsicherung von 1.000 \u20ac f\u00fcr Arbeitslose, Kurzarbeiter [Cassa integrazione: Lohnfortzahlung und Nichtk\u00fcndigung der Besch\u00e4ftigten f\u00fcr ins Straucheln geratenen Firmen] und Freiberufler<\/li><\/ul>\n\n\n\n<ul><li>Wir fordern die Unterst\u00fctzung von kleinen Unternehmen durch eine Steuerbefreiung f\u00fcr 2020 mit Blick auf eine umfassende und gerechte Steuerreform<\/li><\/ul>\n\n\n\n<ul><li>Wir fordern die Schuldenfalle zu verlassen, zum einen durch die Nationalisierung der Schuldtitel [Ma\u00dfnahmen, um inl\u00e4ndische Halter zu bevorzugen] und zum anderen durch Einschr\u00e4nkungen im Bereich der Finanzspekulation<\/li><\/ul>\n\n\n\n<ul><li>Wir fordern die \u00f6ffentliche Kontrolle des Bankensystems und die Verstaatlichung der gro\u00dfen und strategisch wichtigen Konzerne<\/li><\/ul>\n\n\n\n<ul><li>Wir fordern ein \u00f6ffentliches Gesundheitssystem, dass f\u00fcr die Gesundheit aller B\u00fcrger, bei freier Wahl der Therapie, garantiert. Dies in Kombination mit einer ehrlichen Umweltpolitik soll zu pers\u00f6nlicher Eigenst\u00e4ndigkeit und Ern\u00e4hrungssicherheit f\u00fchren. Der Ausbau von 5G soll ausgesetzt werden.<\/li><\/ul>\n\n\n\n<ul><li>Wir fordern ein garantiertes Recht auf ein Hochschulstudium, auch f\u00fcr die Kinder der Arbeiterklasse, gro\u00dfe und unverz\u00fcgliche Investitionen in Bildungseinrichtungen und Einstellung von Personal und die Wieder\u00f6ffnung von Schulen und Universit\u00e4ten im September.<\/li><\/ul>\n\n\n\n<p>Kurz gesagt, wir wollen das Ende des Neoliberalismus. Wir wollen mehr Staat und weniger Markt, also die Anwendung der Verfassung von 1948! Um das zu realisieren, bedarf es einesgrundlegenden Kurswechsels: daher weg mit der Regierung Conte, f\u00fcr Neuwahlen!<\/p>\n\n\n\n<p><a href=\"https:\/\/www.marciadellaliberazione.it\/organizzazione\/\">Organisatoren und Unterst\u00fctzer<\/a><\/p>\n\n\n\n<p>Quelle: <a href=\"https:\/\/www.liberiamolitalia.org\/2020\/06\/11\/10-ottobre-2020-marcia-per-la-liberazione\/\">Liberiamo l\u2019Italia<\/a> und <a href=\"https:\/\/www.marciadellaliberazione.it\/\">Marcia della Liberazione<\/a><\/p>\n","protected":false},"excerpt":{"rendered":"<p>Marsch der Freiheit Jahrzehntelang haben die arbeitenden Menschen harte Opfer gebracht. Die Regierungen und Eliten haben uns versprochen, dass die &hellip; <a href=\"https:\/\/www.euroexit.org\/index.php\/2020\/07\/13\/10-10-20-rom-arbeit-einkommen-souveraenitaet-demokratie\/\" class=\"more-link\"><span class=\"screen-reader-text\">\u201e10.10.20 Rom: Arbeit, Einkommen, Souver\u00e4nit\u00e4t, Demokratie\u201c <\/span>weiterlesen<\/a><\/p>\n","protected":false},"author":2,"featured_media":2367,"comment_status":"closed","ping_status":"closed","sticky":false,"template":"","format":"standard","meta":{"advgb_blocks_editor_width":"","advgb_blocks_columns_visual_guide":""},"categories":[1],"tags":[],"author_meta":{"display_name":"Wilhelm Langthaler","author_link":"https:\/\/www.euroexit.org\/index.php\/author\/wilhelm\/"},"featured_img":"https:\/\/www.euroexit.org\/wp-content\/uploads\/2020\/07\/logo-marcia-soll-300x196.jpg","coauthors":[],"tax_additional":{"categories":{"linked":["<a href=\"https:\/\/www.euroexit.org\/index.php\/category\/home\/\" class=\"advgb-post-tax-term\">Home<\/a>"],"unlinked":["<span class=\"advgb-post-tax-term\">Home<\/span>"]}},"comment_count":"0","relative_dates":{"created":"Posted 6 Jahren ago","modified":"Updated 6 Jahren ago"},"absolute_dates":{"created":"Posted on 13. Juli 2020","modified":"Updated on 29. Juli 2020"},"absolute_dates_time":{"created":"Posted on 13. Juli 2020 15:37","modified":"Updated on 29. Juli 2020 23:17"},"featured_img_caption":"","series_order":"","_links":{"self":[{"href":"https:\/\/www.euroexit.org\/index.php\/wp-json\/wp\/v2\/posts\/2365"}],"collection":[{"href":"https:\/\/www.euroexit.org\/index.php\/wp-json\/wp\/v2\/posts"}],"about":[{"href":"https:\/\/www.euroexit.org\/index.php\/wp-json\/wp\/v2\/types\/post"}],"author":[{"embeddable":true,"href":"https:\/\/www.euroexit.org\/index.php\/wp-json\/wp\/v2\/users\/2"}],"replies":[{"embeddable":true,"href":"https:\/\/www.euroexit.org\/index.php\/wp-json\/wp\/v2\/comments?post=2365"}],"version-history":[{"count":3,"href":"https:\/\/www.euroexit.org\/index.php\/wp-json\/wp\/v2\/posts\/2365\/revisions"}],"predecessor-version":[{"id":2384,"href":"https:\/\/www.euroexit.org\/index.php\/wp-json\/wp\/v2\/posts\/2365\/revisions\/2384"}],"wp:featuredmedia":[{"embeddable":true,"href":"https:\/\/www.euroexit.org\/index.php\/wp-json\/wp\/v2\/media\/2367"}],"wp:attachment":[{"href":"https:\/\/www.euroexit.org\/index.php\/wp-json\/wp\/v2\/media?parent=2365"}],"wp:term":[{"taxonomy":"category","embeddable":true,"href":"https:\/\/www.euroexit.org\/index.php\/wp-json\/wp\/v2\/categories?post=2365"},{"taxonomy":"post_tag","embeddable":true,"href":"https:\/\/www.euroexit.org\/index.php\/wp-json\/wp\/v2\/tags?post=2365"}],"curies":[{"name":"wp","href":"https:\/\/api.w.org\/{rel}","templated":true}]}}