{"id":2372,"date":"2020-07-28T22:50:09","date_gmt":"2020-07-28T20:50:09","guid":{"rendered":"https:\/\/www.euroexit.org\/?p=2372"},"modified":"2020-07-29T23:28:03","modified_gmt":"2020-07-29T21:28:03","slug":"italexit-partei-gegruendet","status":"publish","type":"post","link":"https:\/\/www.euroexit.org\/index.php\/2020\/07\/28\/italexit-partei-gegruendet\/","title":{"rendered":"Italexit-Partei gegr\u00fcndet"},"content":{"rendered":"\n<p>Vor kurzem hat Gianluigi Paragone die Gr\u00fcndung der Partei &#8222;Italexit&#8220; bekanntgegeben:<\/p>\n\n\n\n<p><a href=\"https:\/\/www.italexitpartitopolitico.it\/\">https:\/\/www.italexitpartitopolitico.it\/<\/a><\/p>\n\n\n\n<p>Auf der Website finden sich 5 Programmpunkte:<\/p>\n\n\n\n<p>* Referendum \u00fcber Austritt<\/p>\n\n\n\n<p>* Abschaffung der Pflicht zum ausgeglichenen Staatshaushalt<\/p>\n\n\n\n<p>* Nationalisierung strategischer Sektoren<\/p>\n\n\n\n<p>* Wiedereinf\u00fchrung des Schutzes der L\u00f6hne<\/p>\n\n\n\n<p>* Abschaffung der Unabh\u00e4ngigkeit der Zentralbank<\/p>\n\n\n\n<p>In den Umfragen werden der Partei mehrfach an die 10% gegeben.<\/p>\n\n\n\n<p>Es gibt eine Vereinbarung zwischen Paragone und der linkssouver\u00e4nistischen Koalition \u201eLiberiamo l&#8217;Italia\u201c, dass sie am Aufbau der Partei mitwirken werden. Inhaltlich gibt es folgende \u00dcbereinkunft:<\/p>\n\n\n\n<p>* Euro- und EU-Austritt<\/p>\n\n\n\n<p>* Durchf\u00fchrung der Verfassung von 1948 (bekanntlich protosozialistisch)<\/p>\n\n\n\n<p>* Schluss mit dem Neoliberalismus<\/p>\n\n\n\n<p>Zudem soll es keine Kompromisse mit anderen Parteien geben, solange diese nicht f\u00fcr den Austritt sind.<\/p>\n\n\n\n<p>Ein linkes Programm, dass von einem renomierten Journalisten repr\u00e4sentiert wird, der urspr\u00fcnglich von Zeitungen aus dem Bereich der Lega kam, \u00fcber den staatlichen Sender RAI schlielich bei den F\u00fcnfsternen landete. Der Einsatz ist hoch, sehr hoch. Das politische Vakuum in der Vertretung des Volkes haben wir ja schon oftmals festgestellt. Es hat den Aufstieg der F\u00fcnfsterne und auch der Lega in immer k\u00fcrzeren Zeitspannen erm\u00f6glicht &#8211; genauso wie den Fall. Italexit k\u00f6nnte also schnell aufsteigen und das Vakuum f\u00fcllen. Dementsprechend gro\u00df ist aber auch das Risiko.<\/p>\n\n\n\n<p>Die italienischen und europ\u00e4ischen Medien feiern gerade ihre Einigung auf das Hilfsprogramm und Premier Conte wird als gro\u00dfer Gewinner beschrieben. Das zeigt sich auch darin, dass Berlusconi eine Art parlamentarische Unterst\u00fctzung angeboten hat, auch um sich aus den F\u00e4ngen von Salvini zu befreien. Das ist einmal unmittelbar eine institutionelle St\u00e4rkung.<\/p>\n\n\n\n<p>Doch das wird nicht lange halten. Die Eliten haben enorme Angst vor einer sozialen Explosion, die im Gegensatz zu Frankreich eben nicht auf die soziale Sph\u00e4re beschr\u00e4nkt werden kann.<\/p>\n","protected":false},"excerpt":{"rendered":"<p>Vor kurzem hat Gianluigi Paragone die Gr\u00fcndung der Partei &#8222;Italexit&#8220; bekanntgegeben: https:\/\/www.italexitpartitopolitico.it\/ Auf der Website finden sich 5 Programmpunkte: * &hellip; <a href=\"https:\/\/www.euroexit.org\/index.php\/2020\/07\/28\/italexit-partei-gegruendet\/\" class=\"more-link\"><span class=\"screen-reader-text\">\u201eItalexit-Partei gegr\u00fcndet\u201c <\/span>weiterlesen<\/a><\/p>\n","protected":false},"author":2,"featured_media":2373,"comment_status":"closed","ping_status":"closed","sticky":false,"template":"","format":"standard","meta":{"advgb_blocks_editor_width":"","advgb_blocks_columns_visual_guide":""},"categories":[1],"tags":[],"author_meta":{"display_name":"Wilhelm Langthaler","author_link":"https:\/\/www.euroexit.org\/index.php\/author\/wilhelm\/"},"featured_img":"https:\/\/www.euroexit.org\/wp-content\/uploads\/2020\/07\/FB_IMG_1570696569701-1024x1024-1-300x300.jpg","coauthors":[],"tax_additional":{"categories":{"linked":["<a href=\"https:\/\/www.euroexit.org\/index.php\/category\/home\/\" class=\"advgb-post-tax-term\">Home<\/a>"],"unlinked":["<span class=\"advgb-post-tax-term\">Home<\/span>"]}},"comment_count":"0","relative_dates":{"created":"Posted 6 Jahren ago","modified":"Updated 6 Jahren ago"},"absolute_dates":{"created":"Posted on 28. Juli 2020","modified":"Updated on 29. Juli 2020"},"absolute_dates_time":{"created":"Posted on 28. Juli 2020 22:50","modified":"Updated on 29. Juli 2020 23:28"},"featured_img_caption":"","series_order":"","_links":{"self":[{"href":"https:\/\/www.euroexit.org\/index.php\/wp-json\/wp\/v2\/posts\/2372"}],"collection":[{"href":"https:\/\/www.euroexit.org\/index.php\/wp-json\/wp\/v2\/posts"}],"about":[{"href":"https:\/\/www.euroexit.org\/index.php\/wp-json\/wp\/v2\/types\/post"}],"author":[{"embeddable":true,"href":"https:\/\/www.euroexit.org\/index.php\/wp-json\/wp\/v2\/users\/2"}],"replies":[{"embeddable":true,"href":"https:\/\/www.euroexit.org\/index.php\/wp-json\/wp\/v2\/comments?post=2372"}],"version-history":[{"count":3,"href":"https:\/\/www.euroexit.org\/index.php\/wp-json\/wp\/v2\/posts\/2372\/revisions"}],"predecessor-version":[{"id":2385,"href":"https:\/\/www.euroexit.org\/index.php\/wp-json\/wp\/v2\/posts\/2372\/revisions\/2385"}],"wp:featuredmedia":[{"embeddable":true,"href":"https:\/\/www.euroexit.org\/index.php\/wp-json\/wp\/v2\/media\/2373"}],"wp:attachment":[{"href":"https:\/\/www.euroexit.org\/index.php\/wp-json\/wp\/v2\/media?parent=2372"}],"wp:term":[{"taxonomy":"category","embeddable":true,"href":"https:\/\/www.euroexit.org\/index.php\/wp-json\/wp\/v2\/categories?post=2372"},{"taxonomy":"post_tag","embeddable":true,"href":"https:\/\/www.euroexit.org\/index.php\/wp-json\/wp\/v2\/tags?post=2372"}],"curies":[{"name":"wp","href":"https:\/\/api.w.org\/{rel}","templated":true}]}}