{"id":2408,"date":"2020-10-09T13:42:59","date_gmt":"2020-10-09T11:42:59","guid":{"rendered":"https:\/\/www.euroexit.org\/?p=2408"},"modified":"2020-10-09T13:43:00","modified_gmt":"2020-10-09T11:43:00","slug":"prominente-kuenstler-schliessen-sich-kundgebung-der-italienischen-linkssouveraenisten-an","status":"publish","type":"post","link":"https:\/\/www.euroexit.org\/index.php\/2020\/10\/09\/prominente-kuenstler-schliessen-sich-kundgebung-der-italienischen-linkssouveraenisten-an\/","title":{"rendered":"Prominente K\u00fcnstler schlie\u00dfen sich Kundgebung der italienischen Linkssouver\u00e4nisten an"},"content":{"rendered":"\n<p>\u00dcbersetzung eines Artikels aus der Tageszeitung La Repubblica (6.10.20): <\/p>\n\n\n\n<p><em>[Bild: der Schauspieler Enrico Montesano unterst\u00fctzt die Kundgebung]<\/em><\/p>\n\n\n\n<p><strong>In Rom der &#8222;Marsch der Befreiung&#8220;. Montesano: &#8222;Wenn das nicht ausreicht, braucht es ein bisschen zivilen Ungehorsam.<\/strong><\/p>\n\n\n\n<p><em>Der Schauspieler mit einer kurzen, aber intensiven politischen Vergangenheit geh\u00f6rt zu den Anh\u00e4ngern der <strong>Initiative der&nbsp; Souver\u00e4nisten,<\/strong> die&nbsp; auf der Piazza San Giovanni f\u00fcr Samstag, den 10. Oktober zu einer Massenveranstaltung aufgerufen haben. Sie fordern ein &#8222;Ende des Neoliberalismus&#8220; f\u00fcr &#8222;einen tiefgreifenden Wandel, gegen eine Sklavenregierung gegeb\u00fcber der Europ\u00e4ischen Union und der gro\u00dfen Finanzen&#8220;.<\/em><\/p>\n\n\n\n<p>&nbsp;&#8222;Das Ende des Neoliberalismus, eines Wirtschafts- und Denkmodells, das viele ausbeutet, um wenige zu bereichern&#8220; sei schon lange \u00fcberf\u00e4llig. Sie wollen &#8222;mehr Staat und weniger Markt und dass die Verfassung von 1948 angewandt wird&#8220;. Damit all dies geschehen kann, &#8222;ist ein tiefgreifender politischer Wandel erforderlich: Die (PD und 5-Sterne) Regierung Conte muss abgel\u00f6st und Neuwahlen m\u00fcssen unverz\u00fcglich abgehalten werden&#8220;. Auf diesen Prinzipien basiert der &#8222;Marsch f\u00fcr die Befreiung&#8220;, der f\u00fcr Samstag, den 10. Oktober um 14 Uhr auf der Piazza San Giovanni in Rom geplant ist, &#8222;f\u00fcr einen tiefgreifenden Wandel, gegen eine der Europ\u00e4ischen Union versklavte Regierung und gegen die gro\u00dfe Finanzwirtschaft&#8220;.<\/p>\n\n\n\n<p>Das Ziel ist eine &#8222;Demonstration, die in erster Linie den sozialen Kategorien und Klassen eine Stimme geben will, die von der Wirtschaftskrise und der liberalistischen Politik der Regierung hart getroffen wurden. Zu verlangen, dass der Staat wie der Staat handelt, d.h. die untergeordneten Klassen sch\u00fctzt und ihnen Sicherheit gibt&#8220;.<\/p>\n\n\n\n<p>Die Souver\u00e4nisten berufen sich auf ihre zehn Gebote, die von &#8222;<strong>der souver\u00e4nen W\u00e4hrung in einem souver\u00e4nen Staat<\/strong>&#8220; \u00fcber &#8222;<strong>die Erh\u00f6hung der L\u00f6hne und ein Mindesteinkommen von 1.000 Euro auch f\u00fcr Arbeitslose<\/strong>&#8222;, von der &#8222;<strong>Verteidigung der Kleinunternehmen<\/strong>&#8220; bis hin zur <strong>&#8222;\u00f6ffentlichen Kontrolle des Bankensystems<\/strong>&#8220; und einem &#8222;<strong>\u00f6ffentlichen Gesundheitssystem reicht, das die Gesundheit aller B\u00fcrger sch\u00fctzt, das die Freiheit der therapeutischen Wahl garantiert, kombiniert mit einer nicht fassadenhaften Umweltpolitik, die auf Souver\u00e4nit\u00e4t und Ern\u00e4hrungssicherheit abzielt, die inzwischen einen Stopp der 5G-Kommunikations-technologie verordnet<\/strong>&#8222;.<\/p>\n\n\n\n<p>&#8222;Italien steht am Scheideweg: Geht unter oder erhebt euch wieder, indem ihr den Weg der Freiheit und der Wiedergeburt beschreitet. Wir fordern daher eine klare Kehrtwende mit einer neuen Regierung, die in der Lage ist, das Land nicht nur aus dem K\u00e4fig dieser Europ\u00e4ischen Union zu befreien, die weiterhin die gleichen Rezepte f\u00fcr Misserfolg und Versklavung&nbsp; anbietet, sondern dass es zur\u00fcckkehrt, um den<strong> Staat und nicht die M\u00e4rkte in den Mittelpunkt <\/strong>der politischen, wirtschaftlichen, sozialen und kulturellen Entscheidungen dieses Landes zu stellen&#8220;, erkl\u00e4ren die Organisatoren<\/p>\n\n\n\n<p>Und unter den Anh\u00e4ngern befindet sich auch Enrico Montesano, ein ber\u00fchmter r\u00f6mischer Schauspieler mit einem kurzen, aber intensiven Engagement f\u00fcr die Politik. Eine Vergangenheit in den siebziger Jahren im Psi (<em>die ehemalige ital SPD<\/em>) und dann Mitte der neunziger Jahre im Pds (<em>zu Demokraten nach US-Amerikanischem Vorbild mutierte ehemalige ital Kommunistische Partei<\/em>). In diesen Jahren war er zusammen mit Quercia, mit dem er zum Abgeordneten des Europ\u00e4ischen Parlaments gew\u00e4hlt wurde, der meistgew\u00e4hlte Stadtrat in Rom. Nach Rom und Stra\u00dfburg endete seine politische Karriere nach nur wenigen Jahren. Als kurze Klammer in der liberalen Bewegung gab er der Neuheit, die die M5* (<em>5-Sternebewegung<\/em>) darstellen, so sehr nach, dass er 2015 auf der Piazza del Popolo die &#8222;Nacht der Ehrlichkeit&#8220; von Beppe Grillo er\u00f6ffnete. Dann l\u00f6ste er sich von der 5-Sternebewegung, die er zu kritisieren begann.<\/p>\n\n\n\n<p>Jetzt ist er f\u00fcr den &#8222;Marsch f\u00fcr die Befreiung&#8220;, will aber pr\u00e4zisieren, dass &#8222;er nicht am Samstag auf dem Platz in Rom aufmarschieren wird&#8220;, sondern &#8222;aber ich unterst\u00fctze die Initiative und stimme den zehn Punkten des &#8222;Marsches f\u00fcr die Befreiung&#8220; voll und ganz zu, wir m\u00fcssen in gro\u00dfer Zahl teilnehmen. Wenn es uns nicht gelingt, mit diesen sch\u00f6nen Demonstrationen etwas zu erreichen, bedeutet das, dass wir friedlich beginnen sollten, zivilen Ungehorsam zu leisten, friedlich und ohne Molotowcocktails&#8220;, scherzt Montesano.<\/p>\n\n\n\n<p><a href=\"https:\/\/www.repubblica.it\/politica\/2020\/10\/06\/news\/marcia_liberazione-269614835\/?ref=RHPPTP-BH-I269167158-C12-P1-S8.4-T1&amp;fbclid=IwAR22q8dwG-dis3WHBndWEJD5UR3clerweX2QN1pPU4OK9CvC4YYYB4MEl2k\">Quelle<\/a><\/p>\n","protected":false},"excerpt":{"rendered":"<p>\u00dcbersetzung eines Artikels aus der Tageszeitung La Repubblica (6.10.20): [Bild: der Schauspieler Enrico Montesano unterst\u00fctzt die Kundgebung] In Rom der &hellip; <a href=\"https:\/\/www.euroexit.org\/index.php\/2020\/10\/09\/prominente-kuenstler-schliessen-sich-kundgebung-der-italienischen-linkssouveraenisten-an\/\" class=\"more-link\"><span class=\"screen-reader-text\">\u201eProminente K\u00fcnstler schlie\u00dfen sich Kundgebung der italienischen Linkssouver\u00e4nisten an\u201c <\/span>weiterlesen<\/a><\/p>\n","protected":false},"author":2,"featured_media":2409,"comment_status":"closed","ping_status":"closed","sticky":false,"template":"","format":"standard","meta":{"advgb_blocks_editor_width":"","advgb_blocks_columns_visual_guide":""},"categories":[1],"tags":[],"author_meta":{"display_name":"Wilhelm Langthaler","author_link":"https:\/\/www.euroexit.org\/index.php\/author\/wilhelm\/"},"featured_img":"https:\/\/www.euroexit.org\/wp-content\/uploads\/2020\/10\/121857353-33ef67f4-8fc5-4df6-9351-c1abe9ed8e8b-300x169.jpg","coauthors":[],"tax_additional":{"categories":{"linked":["<a href=\"https:\/\/www.euroexit.org\/index.php\/category\/home\/\" class=\"advgb-post-tax-term\">Home<\/a>"],"unlinked":["<span class=\"advgb-post-tax-term\">Home<\/span>"]}},"comment_count":"0","relative_dates":{"created":"Posted 6 Jahren ago","modified":"Updated 6 Jahren ago"},"absolute_dates":{"created":"Posted on 9. Oktober 2020","modified":"Updated on 9. Oktober 2020"},"absolute_dates_time":{"created":"Posted on 9. Oktober 2020 13:42","modified":"Updated on 9. Oktober 2020 13:43"},"featured_img_caption":"Montesano","series_order":"","_links":{"self":[{"href":"https:\/\/www.euroexit.org\/index.php\/wp-json\/wp\/v2\/posts\/2408"}],"collection":[{"href":"https:\/\/www.euroexit.org\/index.php\/wp-json\/wp\/v2\/posts"}],"about":[{"href":"https:\/\/www.euroexit.org\/index.php\/wp-json\/wp\/v2\/types\/post"}],"author":[{"embeddable":true,"href":"https:\/\/www.euroexit.org\/index.php\/wp-json\/wp\/v2\/users\/2"}],"replies":[{"embeddable":true,"href":"https:\/\/www.euroexit.org\/index.php\/wp-json\/wp\/v2\/comments?post=2408"}],"version-history":[{"count":1,"href":"https:\/\/www.euroexit.org\/index.php\/wp-json\/wp\/v2\/posts\/2408\/revisions"}],"predecessor-version":[{"id":2410,"href":"https:\/\/www.euroexit.org\/index.php\/wp-json\/wp\/v2\/posts\/2408\/revisions\/2410"}],"wp:featuredmedia":[{"embeddable":true,"href":"https:\/\/www.euroexit.org\/index.php\/wp-json\/wp\/v2\/media\/2409"}],"wp:attachment":[{"href":"https:\/\/www.euroexit.org\/index.php\/wp-json\/wp\/v2\/media?parent=2408"}],"wp:term":[{"taxonomy":"category","embeddable":true,"href":"https:\/\/www.euroexit.org\/index.php\/wp-json\/wp\/v2\/categories?post=2408"},{"taxonomy":"post_tag","embeddable":true,"href":"https:\/\/www.euroexit.org\/index.php\/wp-json\/wp\/v2\/tags?post=2408"}],"curies":[{"name":"wp","href":"https:\/\/api.w.org\/{rel}","templated":true}]}}