{"id":409,"date":"2015-07-07T20:23:20","date_gmt":"2015-07-07T20:23:20","guid":{"rendered":"http:\/\/www.euroexit.org\/?p=409"},"modified":"2015-07-07T20:23:20","modified_gmt":"2015-07-07T20:23:20","slug":"demographie-des-griechischen-neins","status":"publish","type":"post","link":"https:\/\/www.euroexit.org\/index.php\/2015\/07\/07\/demographie-des-griechischen-neins\/","title":{"rendered":"Demographie des griechischen Neins"},"content":{"rendered":"<p>Die Darstellung zeigt deutlich, dass die unteren Schichten, die immer weniger zu verlieren haben, das Nein trugen, w\u00e4hrend die mittleren und oberen Schichten f\u00fcr die Fortsetzung des Austerit\u00e4tskurses stimmten.<\/p>\n<p>EIn weiterer klarer Trend: die Jungen stellten sich in ihrer \u00fcberwiegenden Mehrheit gegen die Troika, die \u00c4lteteren und vor allem die Pensionisten nicht.<\/p>\n","protected":false},"excerpt":{"rendered":"<p>Die Darstellung zeigt deutlich, dass die unteren Schichten, die immer weniger zu verlieren haben, das Nein trugen, w\u00e4hrend die mittleren &hellip; <a href=\"https:\/\/www.euroexit.org\/index.php\/2015\/07\/07\/demographie-des-griechischen-neins\/\" class=\"more-link\"><span class=\"screen-reader-text\">\u201eDemographie des griechischen Neins\u201c <\/span>weiterlesen<\/a><\/p>\n","protected":false},"author":2,"featured_media":410,"comment_status":"closed","ping_status":"closed","sticky":false,"template":"","format":"standard","meta":{"advgb_blocks_editor_width":"","advgb_blocks_columns_visual_guide":""},"categories":[1],"tags":[],"author_meta":{"display_name":"Wilhelm Langthaler","author_link":"https:\/\/www.euroexit.org\/index.php\/author\/wilhelm\/"},"featured_img":"https:\/\/www.euroexit.org\/wp-content\/uploads\/2015\/07\/Greece-NO-Demographics-225x300.png","coauthors":[],"tax_additional":{"categories":{"linked":["<a href=\"https:\/\/www.euroexit.org\/index.php\/category\/home\/\" class=\"advgb-post-tax-term\">Home<\/a>"],"unlinked":["<span class=\"advgb-post-tax-term\">Home<\/span>"]}},"comment_count":"0","relative_dates":{"created":"Posted 11 Jahren ago","modified":"Updated 11 Jahren ago"},"absolute_dates":{"created":"Posted on 7. Juli 2015","modified":"Updated on 7. Juli 2015"},"absolute_dates_time":{"created":"Posted on 7. Juli 2015 20:23","modified":"Updated on 7. Juli 2015 20:23"},"featured_img_caption":"","series_order":"","_links":{"self":[{"href":"https:\/\/www.euroexit.org\/index.php\/wp-json\/wp\/v2\/posts\/409"}],"collection":[{"href":"https:\/\/www.euroexit.org\/index.php\/wp-json\/wp\/v2\/posts"}],"about":[{"href":"https:\/\/www.euroexit.org\/index.php\/wp-json\/wp\/v2\/types\/post"}],"author":[{"embeddable":true,"href":"https:\/\/www.euroexit.org\/index.php\/wp-json\/wp\/v2\/users\/2"}],"replies":[{"embeddable":true,"href":"https:\/\/www.euroexit.org\/index.php\/wp-json\/wp\/v2\/comments?post=409"}],"version-history":[{"count":0,"href":"https:\/\/www.euroexit.org\/index.php\/wp-json\/wp\/v2\/posts\/409\/revisions"}],"wp:featuredmedia":[{"embeddable":true,"href":"https:\/\/www.euroexit.org\/index.php\/wp-json\/wp\/v2\/media\/410"}],"wp:attachment":[{"href":"https:\/\/www.euroexit.org\/index.php\/wp-json\/wp\/v2\/media?parent=409"}],"wp:term":[{"taxonomy":"category","embeddable":true,"href":"https:\/\/www.euroexit.org\/index.php\/wp-json\/wp\/v2\/categories?post=409"},{"taxonomy":"post_tag","embeddable":true,"href":"https:\/\/www.euroexit.org\/index.php\/wp-json\/wp\/v2\/tags?post=409"}],"curies":[{"name":"wp","href":"https:\/\/api.w.org\/{rel}","templated":true}]}}