{"id":466,"date":"2015-07-27T07:50:38","date_gmt":"2015-07-27T07:50:38","guid":{"rendered":"http:\/\/www.euroexit.org\/?p=466"},"modified":"2015-09-02T21:23:58","modified_gmt":"2015-09-02T21:23:58","slug":"eu-zeigt-wahres-gesicht","status":"publish","type":"post","link":"https:\/\/www.euroexit.org\/index.php\/2015\/07\/27\/eu-zeigt-wahres-gesicht\/","title":{"rendered":"EU zeigt wahres Gesicht"},"content":{"rendered":"<p><strong>Erkl\u00e4rung des Internationalen Anti-EU-Forums<\/strong><br \/>\n<em>Wir rufen die demokratischen und linken Kr\u00e4fte, die Interessensvertreter des Volkes, auf gemeinsam gegen die EU aufzustehen.<\/em><\/p>\n<p>Die tragische Kapitulation und der Niedergang der griechischen Regierung, die aus der radikalen Linken kommt, m\u00fcssen die Alarmglocken l\u00e4uten lassen.<\/p>\n<p>Eine Regierung, die gew\u00e4hlt wurde um die Austerit\u00e4t zu beenden, stimmt nach 5 Monaten \u201eVerhandlungen\u201c noch schlimmeren Ma\u00dfnahmen zu. Eine Regierung, die den Griechen die Widerherstellung der verlorenen W\u00fcrde und Volkssouver\u00e4nit\u00e4t versprach, akzeptierte die schlimmste Dem\u00fctigung \u2013 beispielsweise repr\u00e4sentiert durch den Austausch des Finanzministers beim Treffen der Eurogruppe (27.6.2015) oder die internationale Dem\u00fctigung des Premier beim Gipfel der Eurozone (13.7.2015). Am schlimmsten war jedoch die Neuauflage einer viel extremeren Version des Juncker-Planes als Bestrafung f\u00fcr seine Ablehnung beim viel versprechenden und k\u00e4mpferischen NEIN des Referendums vom 5.7.2015. Und da liegt nur eine Woche dazwischen!<\/p>\n<p>Wir d\u00fcrfen nicht vergessen, dass die Syriza-Anel-Regierung von allen k\u00e4mpfenden V\u00f6lkern Europas als Hoffnung betrachtet wurde. Doch nach Tsipras\u2019 Kapitulation \u00fcberwiegt nun letztlich die Botschaft des Pessimismus und der Frustration.<\/p>\n<p>Wie beim Athener Anti-EU-Forum vom 26.-28. Juni festgestellt, liegt dem die Illusion der Regierung zu Grunde, dass es m\u00f6glich w\u00e4re innerhalb der EU und insbesondere innerhalb der Eurozone die Austerit\u00e4t zu beenden und die Volkssouver\u00e4nit\u00e4t zur\u00fcckzugewinnen.<\/p>\n<p>Die gegenw\u00e4rtige Regierung implementiert die Bailout-Programme in enger Zusammenarbeit mit den Kr\u00e4ften der Rechten und des Neoliberalismus (ND, Pasok, Potami) im totalen Widerspruch zur radikalen und militanten Linken Griechenlands. Zudem \u00f6ffnet sie die Tore f\u00fcr die Faschisten der Goldenen Morgenr\u00f6te die sich als Hauptgegner der Gl\u00e4ubiger pr\u00e4sentieren.<\/p>\n<p>Die demokratischen und linken Kr\u00e4fte, die Interessensvertreter des Volkes, k\u00f6nnen nicht einfach weitermachen wie zuvor. Wir m\u00fcssen mit den Illusionen und der zerst\u00f6rerischen Logik der Linken brechen, die nicht verstehen will, dass der Kampf gegen die EU der wichtigste Beitrag f\u00fcr die Emanzipation und f\u00fcr den Fortschritt der V\u00f6lker in Europa ist.<\/p>\n<p>Es ist entscheidend in jedem Land den Kampf gegen die EU zu st\u00e4rken. Es muss eine demokratische und linke Front f\u00fcr die Interessen des Volkes und eine Bewegung f\u00fcr den Austritt aus der Eurozone als ein entscheidender Schritt f\u00fcr den Austritt aus der EU aufgebaut werden.<\/p>\n<p>Wir m\u00fcssen die internationalistischen Initiativen und die Koordination st\u00e4rken und eine paneurop\u00e4ische Kampagne gegen die antidemokratische EU und ihre neoliberale Superwaffe, den Euro, entwickeln.<\/p>\n<p>Das Internationale Anti-EU-Forum der demokratischen und linken Kr\u00e4fte in Verteidigung der Interessen des Volkes wird dazu Vorschl\u00e4ge machen und die entsprechenden Initiativen setzen.<\/p>\n","protected":false},"excerpt":{"rendered":"<p>Erkl\u00e4rung des Internationalen Anti-EU-Forums Wir rufen die demokratischen und linken Kr\u00e4fte, die Interessensvertreter des Volkes, auf gemeinsam gegen die EU &hellip; <a href=\"https:\/\/www.euroexit.org\/index.php\/2015\/07\/27\/eu-zeigt-wahres-gesicht\/\" class=\"more-link\"><span class=\"screen-reader-text\">\u201eEU zeigt wahres Gesicht\u201c <\/span>weiterlesen<\/a><\/p>\n","protected":false},"author":2,"featured_media":0,"comment_status":"closed","ping_status":"closed","sticky":false,"template":"","format":"standard","meta":{"advgb_blocks_editor_width":"","advgb_blocks_columns_visual_guide":""},"categories":[1],"tags":[],"author_meta":{"display_name":"Wilhelm Langthaler","author_link":"https:\/\/www.euroexit.org\/index.php\/author\/wilhelm\/"},"featured_img":null,"coauthors":[],"tax_additional":{"categories":{"linked":["<a href=\"https:\/\/www.euroexit.org\/index.php\/category\/home\/\" class=\"advgb-post-tax-term\">Home<\/a>"],"unlinked":["<span class=\"advgb-post-tax-term\">Home<\/span>"]}},"comment_count":"0","relative_dates":{"created":"Posted 11 Jahren ago","modified":"Updated 11 Jahren ago"},"absolute_dates":{"created":"Posted on 27. Juli 2015","modified":"Updated on 2. September 2015"},"absolute_dates_time":{"created":"Posted on 27. Juli 2015 7:50","modified":"Updated on 2. September 2015 21:23"},"featured_img_caption":"","series_order":"","_links":{"self":[{"href":"https:\/\/www.euroexit.org\/index.php\/wp-json\/wp\/v2\/posts\/466"}],"collection":[{"href":"https:\/\/www.euroexit.org\/index.php\/wp-json\/wp\/v2\/posts"}],"about":[{"href":"https:\/\/www.euroexit.org\/index.php\/wp-json\/wp\/v2\/types\/post"}],"author":[{"embeddable":true,"href":"https:\/\/www.euroexit.org\/index.php\/wp-json\/wp\/v2\/users\/2"}],"replies":[{"embeddable":true,"href":"https:\/\/www.euroexit.org\/index.php\/wp-json\/wp\/v2\/comments?post=466"}],"version-history":[{"count":0,"href":"https:\/\/www.euroexit.org\/index.php\/wp-json\/wp\/v2\/posts\/466\/revisions"}],"wp:attachment":[{"href":"https:\/\/www.euroexit.org\/index.php\/wp-json\/wp\/v2\/media?parent=466"}],"wp:term":[{"taxonomy":"category","embeddable":true,"href":"https:\/\/www.euroexit.org\/index.php\/wp-json\/wp\/v2\/categories?post=466"},{"taxonomy":"post_tag","embeddable":true,"href":"https:\/\/www.euroexit.org\/index.php\/wp-json\/wp\/v2\/tags?post=466"}],"curies":[{"name":"wp","href":"https:\/\/api.w.org\/{rel}","templated":true}]}}