{"id":658,"date":"2016-01-07T21:55:07","date_gmt":"2016-01-07T21:55:07","guid":{"rendered":"http:\/\/www.euroexit.org\/?p=658"},"modified":"2016-01-07T21:55:59","modified_gmt":"2016-01-07T21:55:59","slug":"linke-euro-kritik-workshop-in-frankfurt","status":"publish","type":"post","link":"https:\/\/www.euroexit.org\/index.php\/2016\/01\/07\/linke-euro-kritik-workshop-in-frankfurt\/","title":{"rendered":"Linke Euro-Kritik: Workshop in Frankfurt"},"content":{"rendered":"<p>Frankfurt\/M, Freitag, 29. Januar 2016; 10:30 h \u2013 17:00 h<\/p>\n<p>J.W. Goethe Universit\u00e4t, Campus Westend<\/p>\n<p>PEG Geb\u00e4ude &#8211; Raum G 170 (3. Stock)<\/p>\n<p>&nbsp;<\/p>\n<p>10:30 Begr\u00fc\u00dfung, Einf\u00fchrung \u2013 Peter Wahl, WEED\/Wiss. Beirat Attac<\/p>\n<p>&nbsp;<\/p>\n<p>10:40 Erfahrungen aus dem Europ\u00e4ische W\u00e4hrungssystem (EWS) 1979-1998 und Schlussfolgerungen f\u00fcr die Zukunft des W\u00e4hrungssystems.<\/p>\n<p>Input: Prof. Martin H\u00f6pner, Max PIanck Institut, K\u00f6ln<\/p>\n<p>&nbsp;<\/p>\n<p>11:45 EU und die geopolitischen Umbr\u00fcche &#8211; Gro\u00dfmacht EU als neue Legitimationsgrundlage f\u00fcr die Vertiefung der Integration<\/p>\n<p>Input: Prof. Andreas N\u00f6lke, Uni Frankfurt<\/p>\n<p><strong> <\/strong><\/p>\n<p><strong>12:30 Mittagspause<\/strong><\/p>\n<p>&nbsp;<\/p>\n<p>13:30 Europapolitische Strategien, Kr\u00e4fteverh\u00e4ltnisse und Konflikte im herrschenden Block<\/p>\n<p>Input: Prof. John Kannankulam, Uni Marburg<\/p>\n<p>&nbsp;<\/p>\n<p>14:15 Welche Optionen f\u00fcr Selbstorganisation linker Euro-Kritik gibt es? Zielgruppen,<\/p>\n<p>Themen, Vernetzung, Projekte<\/p>\n<p>Inputs: Fabio de Masi, MEP; Alexis Passadakis, Attac<\/p>\n<p><strong> <\/strong><\/p>\n<p><strong>15:00 Pause<\/strong><\/p>\n<p>&nbsp;<\/p>\n<p>15:30 Fortsetzung der Diskussion. Wie weiter?<\/p>\n<p><strong> <\/strong><\/p>\n<p><strong>17:00 Ende<\/strong><\/p>\n<p>&nbsp;<\/p>\n<p>Anmeldung erforderlich: <a class=\"moz-txt-link-abbreviated\" href=\"mailto:peter.wahl@weed-online.org\">peter.wahl@weed-online.org<\/a><\/p>\n<p>&nbsp;<\/p>\n<p>Nach den positiven Erfahrungen mit dem ersten Workshop am 29. Oktober in K\u00f6ln wird die Diskussion in Frankfurt weitergef\u00fchrt. Schwerpunkt wird dabei die Frage sein, welche Interventionsm\u00f6glichkeiten f\u00fcr linke Euro-Kritik bestehen. Daf\u00fcr ist der ganze Nachmittag vorgesehen.<\/p>\n<p>&nbsp;<\/p>\n<p>Wie sehen die Kr\u00e4fteverh\u00e4ltnisse in Deutschland und in der EU aus? Welche Strategien verfolgen die wichtigsten Akteure (Parteien, Wirtschaft, Zivilgesellschaft etc.). Welche Themen werden dabei im Vordergrund stehen? Welche Prozesse und Konflikte werden die weitere Entwicklung der EU bestimmen? Was sind die Schl\u00fcsselfragen linker Euro-Kritik? Welche Optionen f\u00fcr Selbstorganisation linker Euro-Kritik gibt es? Vernetzung, konkrete Projekte.Charakter und zuk\u00fcnftige Arbeitsweise des Gespr\u00e4chskreises.<\/p>\n<p>&nbsp;<\/p>\n<p>Das Format von K\u00f6ln wird beibehalten, d.h. am Anfang jeden Blocks nur kurze, thesenhaft zugespitzte Inputs und dann viel Raum f\u00fcr Diskussion.<\/p>\n","protected":false},"excerpt":{"rendered":"<p>Frankfurt\/M, Freitag, 29. Januar 2016; 10:30 h \u2013 17:00 h J.W. Goethe Universit\u00e4t, Campus Westend PEG Geb\u00e4ude &#8211; Raum G &hellip; <a href=\"https:\/\/www.euroexit.org\/index.php\/2016\/01\/07\/linke-euro-kritik-workshop-in-frankfurt\/\" class=\"more-link\"><span class=\"screen-reader-text\">\u201eLinke Euro-Kritik: Workshop in Frankfurt\u201c <\/span>weiterlesen<\/a><\/p>\n","protected":false},"author":2,"featured_media":0,"comment_status":"closed","ping_status":"closed","sticky":false,"template":"","format":"standard","meta":{"advgb_blocks_editor_width":"","advgb_blocks_columns_visual_guide":""},"categories":[1],"tags":[],"author_meta":{"display_name":"Wilhelm Langthaler","author_link":"https:\/\/www.euroexit.org\/index.php\/author\/wilhelm\/"},"featured_img":null,"coauthors":[],"tax_additional":{"categories":{"linked":["<a href=\"https:\/\/www.euroexit.org\/index.php\/category\/home\/\" class=\"advgb-post-tax-term\">Home<\/a>"],"unlinked":["<span class=\"advgb-post-tax-term\">Home<\/span>"]}},"comment_count":"0","relative_dates":{"created":"Posted 10 Jahren ago","modified":"Updated 10 Jahren ago"},"absolute_dates":{"created":"Posted on 7. Januar 2016","modified":"Updated on 7. Januar 2016"},"absolute_dates_time":{"created":"Posted on 7. Januar 2016 21:55","modified":"Updated on 7. Januar 2016 21:55"},"featured_img_caption":"","series_order":"","_links":{"self":[{"href":"https:\/\/www.euroexit.org\/index.php\/wp-json\/wp\/v2\/posts\/658"}],"collection":[{"href":"https:\/\/www.euroexit.org\/index.php\/wp-json\/wp\/v2\/posts"}],"about":[{"href":"https:\/\/www.euroexit.org\/index.php\/wp-json\/wp\/v2\/types\/post"}],"author":[{"embeddable":true,"href":"https:\/\/www.euroexit.org\/index.php\/wp-json\/wp\/v2\/users\/2"}],"replies":[{"embeddable":true,"href":"https:\/\/www.euroexit.org\/index.php\/wp-json\/wp\/v2\/comments?post=658"}],"version-history":[{"count":0,"href":"https:\/\/www.euroexit.org\/index.php\/wp-json\/wp\/v2\/posts\/658\/revisions"}],"wp:attachment":[{"href":"https:\/\/www.euroexit.org\/index.php\/wp-json\/wp\/v2\/media?parent=658"}],"wp:term":[{"taxonomy":"category","embeddable":true,"href":"https:\/\/www.euroexit.org\/index.php\/wp-json\/wp\/v2\/categories?post=658"},{"taxonomy":"post_tag","embeddable":true,"href":"https:\/\/www.euroexit.org\/index.php\/wp-json\/wp\/v2\/tags?post=658"}],"curies":[{"name":"wp","href":"https:\/\/api.w.org\/{rel}","templated":true}]}}