{"id":729,"date":"2016-03-20T10:07:12","date_gmt":"2016-03-20T10:07:12","guid":{"rendered":"http:\/\/www.euroexit.org\/?p=729"},"modified":"2016-03-20T10:13:17","modified_gmt":"2016-03-20T10:13:17","slug":"epa-ein-handelssystem-wie-krieg-gegen-die-armen","status":"publish","type":"post","link":"https:\/\/www.euroexit.org\/index.php\/2016\/03\/20\/epa-ein-handelssystem-wie-krieg-gegen-die-armen\/","title":{"rendered":"EPA: Ein Handelssystem, wie Krieg gegen die Armen"},"content":{"rendered":"<p><a class=\"dt-single-image\" href=\"https:\/\/www.euroexit.org\/wp-content\/uploads\/2016\/03\/mabanza.jpg\" data-dt-img-description=\"\"><img loading=\"lazy\" class=\" size-thumbnail wp-image-730 alignnone\" src=\"https:\/\/www.euroexit.org\/wp-content\/uploads\/2016\/03\/mabanza-150x150.jpg\" alt=\"mabanza\" width=\"150\" height=\"150\" \/><\/a><\/p>\n<p>Vortrag von Boniface Mabanza, Mi, 8. 6. 2016 um 19:00, Ort: Gudrunstra\u00dfe 133, 1100 Wien<\/p>\n<p>Das EPA (Economic Partnership Agreement) ist ein, seit 2003 von der EU gefordertes Freihandelsabkommen mit den AKP-Staaten (Afrika-, Karibik*-, Pazifikstaaten), darunter 48 Staaten Afrikas s\u00fcdlich der Anrainerstaaten des Mittelmeeres.<\/p>\n<p>*Kuba ausgenommen<\/p>\n<p>&nbsp;<\/p>\n<p><em>Dr. Boniface Mabanza studierte Philosophie, Literaturwissenschaften und Theologie in Kinshasa und promovierte 2007 an der Katholisch-Theologischen Fakult\u00e4t der Universit\u00e4t M\u00fcnster. Er ist Koordinator der Kirchlichen Arbeitsstelle S\u00fcdliches Afrika (KASA) in Heidelberg. F\u00fcr seinen konsequenten Einsatz f\u00fcr afrikanische Perspektiven in Europa erh\u00e4lt Boniface Mabanza im Juni 2015 den \u201eDorothee S\u00f6lle-Preis f\u00fcr aufrechten Gang\u201c, den das \u00d6kumenische Netzwerk \u201eInitiative Kirche von unten\u201c vergibt.<\/em><\/p>\n<p>&nbsp;<\/p>\n<p>Warum leistet ein Gro\u00dfteil der afrikanischen Bev\u00f6lkerung und auch dessen Regierungen seit nunmehr schon 13 Jahren Widerstand gegen dieses Abkommen?<\/p>\n<p>Mit welchen Mitteln und warum zwingen die EU-Handelsstrategen die betroffenen Staaten zur Aufgabe?<\/p>\n<p>Was haben TTIP und EPAs f\u00fcr Gemeinsamkeiten und was hat TTIP f\u00fcr eine Auswirkung auf Afrika?<\/p>\n<p>Welche Folgen hat dies f\u00fcr die \u00d6konomie und die Bev\u00f6lkerung Afrikas?<\/p>\n<p>Werden dadurch soziale Konflikte vorgezeichnet und Fluchtursachen verst\u00e4rkt?<\/p>\n<p>Was k\u00f6nnen wir gegen dieses Weltmachtstreben der EU-Eliten tun?<\/p>\n<p>Sind gerechte Wirtschaftsbeziehungen mit afrikanischen L\u00e4ndern im Rahmen der EU m\u00f6glich?<\/p>\n<p>Wie k\u00f6nnten wirtschaftliche und gesellschaftliche Beziehungen zum gegenseitigen Vorteil aussehen?<\/p>\n<p>&nbsp;<\/p>\n<p>Um Antworten zu finden und weitere kritische Auseinandersetzungen dar\u00fcber zu f\u00fchren haben wir Dr. Boniface Mabanza, der sich kritisch \u00fcber die Auswirkungen der EU-Freihandelsvertr\u00e4ge auf Afrika auseinandersetzt, eingeladen.<\/p>\n<p>&nbsp;<\/p>\n<p>&nbsp;<\/p>\n<p><strong>Zitate von Dr. Mabanza:<\/strong><\/p>\n<p>\u201eDie EU-Kommission verf\u00fcgt \u00fcber einen Riesenapparat um in verschiedenen Regionen gleichzeitig zu verhandeln und hat die Kapazit\u00e4ten zur Durchschlagskraft. Diese St\u00e4rken haben wir nicht. Die EU wollte uns Verhandlungsexperten zur Verf\u00fcgung stellen. Diese von der EU bezahlten Experten wollten wir nicht. Das w\u00fcrde bedeuten, da\u00df die EU mit sich selbst verhandelt. Der aktuelle Pr\u00e4sident, damals (2009) Handelsminister von Namibia machte darauf aufmerksam, da\u00df die AKP-Unterh\u00e4ndler von den EU-Verhandlern respektlos behandelt wurden. Wir wollen keine Praktiken die uns in die Kolonialzeit zur\u00fcckf\u00fchren.\u201c<\/p>\n<p>&nbsp;<\/p>\n<p>\u201eVon Fluchtursachen zu sprechen und ein Handelssystem zu ignorieren, das sich wie Krieg gegen die Armen auswirkt und wie jeder Krieg, Fl\u00fcchtlinge produziert, kann nur mit einer gest\u00f6rten Selbst- und Fremdwahrnehmung erkl\u00e4rt werden. Die Wirtschaftspartnerschaftsabkommen von heute sind ein Teppich f\u00fcr die Fl\u00fcchtlinge von morgen.\u201c<\/p>\n<p>&nbsp;<\/p>\n<p>Subtext<\/p>\n<p>Ein emanzipatives Programm f\u00fcr das 21. Jahrhundert \u2013 Fairhandel statt Freihandel!<\/p>\n<p>Der Neoliberalismus hat die Herrschaft \u00fcber die K\u00f6pfe verloren. Er wird von einer Mehrheit der Menschen in Frage gestellt. Viele lehnen ihn offen ab und fragen nach einer Alternative zur Herrschaft der Eliten. Allein, praktisch erscheint er unersch\u00fctterlich und beherrscht nicht nur die wirtschaftliche und politische Sph\u00e4re, durchdringt alle Lebensbereiche. F\u00fcr ein emanzipatives Programm wird es notwendig sein, das verkl\u00e4rende legitimatorische Bild von der Globalisierung in Frage zu stellen. Wir m\u00fcssen der Frage nachgehen, welche Art von internationalen \u2013 auch wirtschaftlichen \u2013 Beziehungen wir aufbauen wollen. Insbesondere auch mit den L\u00e4ndern des S\u00fcdens. Die Vortragsreise mit Dr. Boniface Mabanza sehen wir in diesem Zusammenhang.<\/p>\n<p>&nbsp;<\/p>\n<p><a href=\"https:\/\/deref-gmx.net\/mail\/client\/dereferrer\/?redirectUrl=https%3A%2F%2Fderef-gmx.net%2Fmail%2Fclient%2Fdereferrer%2F%3FredirectUrl%3Dhttp%253A%252F%252Fwww.werkstatt.or.at%252Findex.php%253Foption%253Dcom_content%2526task%253Dview%2526id%253D1405%2526Itemid%253D1\" target=\"_blank\">www.werkstatt.or.at\/index.php?option=com_content&amp;task=view&amp;id=1405&amp;Itemid=1<\/a><\/p>\n<p>http:\/\/woek.de\/web\/cms\/front_content.php?idcat=47<\/p>\n<p><iframe loading=\"lazy\" width=\"840\" height=\"630\" src=\"https:\/\/www.youtube.com\/embed\/0Ht1-0yU1t8?feature=oembed\" frameborder=\"0\" allowfullscreen><\/iframe><\/p>\n","protected":false},"excerpt":{"rendered":"<p>Vortrag von Boniface Mabanza, Mi, 8. 6. 2016 um 19:00, Ort: Gudrunstra\u00dfe 133, 1100 Wien Das EPA (Economic Partnership Agreement) &hellip; <a href=\"https:\/\/www.euroexit.org\/index.php\/2016\/03\/20\/epa-ein-handelssystem-wie-krieg-gegen-die-armen\/\" class=\"more-link\"><span class=\"screen-reader-text\">\u201eEPA: Ein Handelssystem, wie Krieg gegen die Armen\u201c <\/span>weiterlesen<\/a><\/p>\n","protected":false},"author":2,"featured_media":730,"comment_status":"closed","ping_status":"closed","sticky":false,"template":"","format":"standard","meta":{"advgb_blocks_editor_width":"","advgb_blocks_columns_visual_guide":""},"categories":[1],"tags":[],"author_meta":{"display_name":"Wilhelm Langthaler","author_link":"https:\/\/www.euroexit.org\/index.php\/author\/wilhelm\/"},"featured_img":"https:\/\/www.euroexit.org\/wp-content\/uploads\/2016\/03\/mabanza.jpg","coauthors":[],"tax_additional":{"categories":{"linked":["<a href=\"https:\/\/www.euroexit.org\/index.php\/category\/home\/\" class=\"advgb-post-tax-term\">Home<\/a>"],"unlinked":["<span class=\"advgb-post-tax-term\">Home<\/span>"]}},"comment_count":"0","relative_dates":{"created":"Posted 10 Jahren ago","modified":"Updated 10 Jahren ago"},"absolute_dates":{"created":"Posted on 20. M\u00e4rz 2016","modified":"Updated on 20. M\u00e4rz 2016"},"absolute_dates_time":{"created":"Posted on 20. M\u00e4rz 2016 10:07","modified":"Updated on 20. M\u00e4rz 2016 10:13"},"featured_img_caption":"","series_order":"","_links":{"self":[{"href":"https:\/\/www.euroexit.org\/index.php\/wp-json\/wp\/v2\/posts\/729"}],"collection":[{"href":"https:\/\/www.euroexit.org\/index.php\/wp-json\/wp\/v2\/posts"}],"about":[{"href":"https:\/\/www.euroexit.org\/index.php\/wp-json\/wp\/v2\/types\/post"}],"author":[{"embeddable":true,"href":"https:\/\/www.euroexit.org\/index.php\/wp-json\/wp\/v2\/users\/2"}],"replies":[{"embeddable":true,"href":"https:\/\/www.euroexit.org\/index.php\/wp-json\/wp\/v2\/comments?post=729"}],"version-history":[{"count":0,"href":"https:\/\/www.euroexit.org\/index.php\/wp-json\/wp\/v2\/posts\/729\/revisions"}],"wp:featuredmedia":[{"embeddable":true,"href":"https:\/\/www.euroexit.org\/index.php\/wp-json\/wp\/v2\/media\/730"}],"wp:attachment":[{"href":"https:\/\/www.euroexit.org\/index.php\/wp-json\/wp\/v2\/media?parent=729"}],"wp:term":[{"taxonomy":"category","embeddable":true,"href":"https:\/\/www.euroexit.org\/index.php\/wp-json\/wp\/v2\/categories?post=729"},{"taxonomy":"post_tag","embeddable":true,"href":"https:\/\/www.euroexit.org\/index.php\/wp-json\/wp\/v2\/tags?post=729"}],"curies":[{"name":"wp","href":"https:\/\/api.w.org\/{rel}","templated":true}]}}