{"id":792,"date":"2016-06-17T04:50:41","date_gmt":"2016-06-17T02:50:41","guid":{"rendered":"http:\/\/www.euroexit.org\/?p=792"},"modified":"2017-02-20T01:09:01","modified_gmt":"2017-02-20T00:09:01","slug":"eu-vor-zerreisprobe","status":"publish","type":"post","link":"https:\/\/www.euroexit.org\/index.php\/2016\/06\/17\/eu-vor-zerreisprobe\/","title":{"rendered":"EU vor Zerrei\u00dfprobe?"},"content":{"rendered":"<p>Diskussion: Alternativen zur neoliberalen Union<\/p>\n<ul>\n<li>Peter K\u00f6nig, Schweizer \u00d6konom, Publizist und ehemaliger Mitarbeiter der Weltbank<\/li>\n<li>Hannes Hofbauer, Verleger und Historiker, Autor \u201eOsterweiterung\u201c<\/li>\n<li>Robert Marschall, Vorsitzender EU-Austrittpartei<\/li>\n<li>Wilhelm Langthaler, Autor \u201eEuropa zerbricht am Euro\u201c<\/li>\n<\/ul>\n<p>Moderation:<\/p>\n<ul>\n<li>Leo Gabriel, Journalist und Sozialanthropologe, Mitglied des Internationalen Rats des Weltsozialforums<\/li>\n<\/ul>\n<p>&nbsp;<\/p>\n<p>Mi, 29. Juni, 19h<br \/>\nVeranstaltungszentrum Mariahilf<br \/>\n6, Otto Bauergasse 7<\/p>\n<p>&nbsp;<\/p>\n<p>In ganz Europa g\u00e4rt es: Das Euro-Regime und mit ihm die EU scheint von einer Krise in die n\u00e4chste zu taumeln. Delors\u2019 Versprechungen von einem sozialen Europa wurden sp\u00e4testens mit der Unterwerfung Griechenlands so stark desavouiert, dass immer mehr Menschen an der M\u00f6glichkeit seiner Verwirklichung zweifeln. In der Zwischenzeit fordern auch die iberischen Wahlv\u00f6lker ein Ende des von Br\u00fcssel und Berlin unter der \u00c4gide der Euro-Rettung verh\u00e4ngten Verarmungskurses. Die Neuwahlen zum spanischen Parlament k\u00f6nnten die Krise des Euro-Regimes weiter beschleunigen, wenn abermals keine stabile Regierung gebildet werden kann und die Austerit\u00e4tspolitik fortgef\u00fchrt wird; eine Krise, die angesichts des Brexit-Referendums auch in Gro\u00dfbritannien schwelt. \u00dcber die De-facto-Insolvenz Griechenlands, die selbst der IWF ohne Schuldennachlass f\u00fcr unabwendbar h\u00e4lt, wird geschwiegen, um nicht noch mehr \u00d6ls in Feuer zu gie\u00dfen. Auch in \u00d6sterreich zeigen die Pr\u00e4sidentschaftswahlen eine massive Unzufriedenheit mit der von der Gro\u00dfen Koalition repr\u00e4sentierten EU-Austerit\u00e4t. Ist das das Ende von Thatchers Credo: \u201eThere is no alternative\u201c?<\/p>\n","protected":false},"excerpt":{"rendered":"<p>Diskussion: Alternativen zur neoliberalen Union Peter K\u00f6nig, Schweizer \u00d6konom, Publizist und ehemaliger Mitarbeiter der Weltbank Hannes Hofbauer, Verleger und Historiker, &hellip; <a href=\"https:\/\/www.euroexit.org\/index.php\/2016\/06\/17\/eu-vor-zerreisprobe\/\" class=\"more-link\"><span class=\"screen-reader-text\">\u201eEU vor Zerrei\u00dfprobe?\u201c <\/span>weiterlesen<\/a><\/p>\n","protected":false},"author":2,"featured_media":0,"comment_status":"closed","ping_status":"closed","sticky":false,"template":"","format":"standard","meta":{"advgb_blocks_editor_width":"","advgb_blocks_columns_visual_guide":""},"categories":[1],"tags":[],"author_meta":{"display_name":"Wilhelm Langthaler","author_link":"https:\/\/www.euroexit.org\/index.php\/author\/wilhelm\/"},"featured_img":null,"coauthors":[],"tax_additional":{"categories":{"linked":["<a href=\"https:\/\/www.euroexit.org\/index.php\/category\/home\/\" class=\"advgb-post-tax-term\">Home<\/a>"],"unlinked":["<span class=\"advgb-post-tax-term\">Home<\/span>"]}},"comment_count":"0","relative_dates":{"created":"Posted 10 Jahren ago","modified":"Updated 9 Jahren ago"},"absolute_dates":{"created":"Posted on 17. Juni 2016","modified":"Updated on 20. Februar 2017"},"absolute_dates_time":{"created":"Posted on 17. Juni 2016 4:50","modified":"Updated on 20. Februar 2017 1:09"},"featured_img_caption":"","series_order":"","_links":{"self":[{"href":"https:\/\/www.euroexit.org\/index.php\/wp-json\/wp\/v2\/posts\/792"}],"collection":[{"href":"https:\/\/www.euroexit.org\/index.php\/wp-json\/wp\/v2\/posts"}],"about":[{"href":"https:\/\/www.euroexit.org\/index.php\/wp-json\/wp\/v2\/types\/post"}],"author":[{"embeddable":true,"href":"https:\/\/www.euroexit.org\/index.php\/wp-json\/wp\/v2\/users\/2"}],"replies":[{"embeddable":true,"href":"https:\/\/www.euroexit.org\/index.php\/wp-json\/wp\/v2\/comments?post=792"}],"version-history":[{"count":0,"href":"https:\/\/www.euroexit.org\/index.php\/wp-json\/wp\/v2\/posts\/792\/revisions"}],"wp:attachment":[{"href":"https:\/\/www.euroexit.org\/index.php\/wp-json\/wp\/v2\/media?parent=792"}],"wp:term":[{"taxonomy":"category","embeddable":true,"href":"https:\/\/www.euroexit.org\/index.php\/wp-json\/wp\/v2\/categories?post=792"},{"taxonomy":"post_tag","embeddable":true,"href":"https:\/\/www.euroexit.org\/index.php\/wp-json\/wp\/v2\/tags?post=792"}],"curies":[{"name":"wp","href":"https:\/\/api.w.org\/{rel}","templated":true}]}}