{"id":828,"date":"2016-07-09T09:04:45","date_gmt":"2016-07-09T09:04:45","guid":{"rendered":"http:\/\/www.euroexit.org\/?p=828"},"modified":"2016-07-09T09:04:45","modified_gmt":"2016-07-09T09:04:45","slug":"ein-hoch-auf-den-brexit","status":"publish","type":"post","link":"https:\/\/www.euroexit.org\/index.php\/2016\/07\/09\/ein-hoch-auf-den-brexit\/","title":{"rendered":"Ein Hoch auf den Brexit!"},"content":{"rendered":"<p><em>Erkl\u00e4rung der Europ\u00e4ischen Anti-Euro-Koordination<\/em><\/p>\n<p>&nbsp;<\/p>\n<p>Bei der Volksabstimmung am 23. Juni 2016 hat sich die britische Bev\u00f6lkerung \u2013 besonders die Arbeiterklasse und jene Schichten, die von der neoliberalen Globalisierung \u00fcberrollt werden \u2013 entschieden, Souver\u00e4nit\u00e4t und Demokratie f\u00fcr das Volk einzufordern. Das ist ein gro\u00dfer Sieg f\u00fcr Freiheit und Frieden. Die unabl\u00e4ssige Propaganda der Mainstream-Medien, die Drohungen und Erpressungen der F\u00fchrer multinationaler Konzerne und der Oberh\u00e4upter der EU-Staaten erzielten nicht den gew\u00fcnschten Effekt.<\/p>\n<p>&nbsp;<\/p>\n<p>Die Europ\u00e4ische Union zielt darauf ab, die nationale Souver\u00e4nit\u00e4t ihrer Mitgliedsstaaten zu beschneiden, um ihre neoliberalen Ma\u00dfnahmen zu zementieren; ihre Politik nutzt den Reichsten, indem sie die \u00c4rmsten auspresst.<\/p>\n<p>&nbsp;<\/p>\n<p>Der Sieg f\u00fcr den Brexit ist ein Schlag gegen dieses System, das wir abschaffen wollen.<\/p>\n<p>&nbsp;<\/p>\n<p>Die Europ\u00e4ische Union ist einer der wichtigsten Mechanismen, um neoliberale Ma\u00dfnahmen umzusetzen, das Sozialsystem abzubauen, die Demokratie zu untergraben und rassistische Gesetze durchzusetzen.<\/p>\n<p>&nbsp;<\/p>\n<p>Die EU steht nicht f\u00fcr Frieden und Zusammenarbeit \u2013 ganz im Gegenteil, sie bef\u00f6rdert Konflikte, Handelskriege sowie den Wettbewerb um die geringsten sozialen Rechte und die schlechtesten Arbeitsbedingungen. Der Austritt aus der EU er\u00f6ffnet einen Weg zur Zusammenarbeit zwischen den V\u00f6lkern. Die Zukunft wird einen Trend in Richtung Ber\u00fccksichtigung der Bed\u00fcrfnisse der Arbeiterklasse und der Umwelt bringen, nicht nur ihre Ausbeutung durch die herrschende Klasse.<\/p>\n<p>&nbsp;<\/p>\n<p>Vorerst gibt es im Vereinigten K\u00f6nigreich jedoch keine politische Kraft, die genug Einfluss hat, den Neoliberalismus zur\u00fcckzudr\u00e4ngen. Trotz des Erfolges f\u00fcr den Brexit ist eventuell zu bef\u00fcrchten, dass es keine politischen Ver\u00e4nderungen in Bezug auf die Wirtschaft, Demokratie, Gesellschaft und Sozialsystem geben wird. Allerdings wurden nun die Bedingungen daf\u00fcr geschaffen, dass sich das Kr\u00e4fteverh\u00e4ltnis dahingehend verschiebt, dass gr\u00f6\u00dfere Ver\u00e4nderungen m\u00f6glich werden, und das war im Rahmen der EU undenkbar.<\/p>\n<p>&nbsp;<\/p>\n<p>Uns ist bewusst, dass fremdenfeindliche und rechtsextreme Kr\u00e4fte die Situation nutzen, um ihre reaktion\u00e4re Propaganda zu verbreiten. Wir wissen aber auch, dass sie in Wirklichkeit f\u00fcr das System und f\u00fcr die EU sind. Deshalb m\u00fcssen fortschrittliche, demokratische und \u201elinke\u201c Kr\u00e4fte im Kampf gegen die EU die Initiative \u00fcbernehmen.<\/p>\n<p>&nbsp;<\/p>\n<p>Nach dem franz\u00f6sischen und dem niederl\u00e4ndischen \u201eNein\u201c im Jahr 2005, dem irischen \u201eNein\u201c 2008 stimmte im Juli 2015 auch die griechische Bev\u00f6lkerung mit \u201eNein\u201c \u2013 doch der Wille all dieser V\u00f6lker wurde missachtet. Am 23. Juni 2016 haben nun auch die Briten klar f\u00fcr einen Austritt aus der EU gestimmt.<\/p>\n<p>&nbsp;<\/p>\n<p>Die unterdr\u00fcckten Klassen in jedem Land der EU sollten in dieser neuen politischen Situation die Gelegenheit nutzen, ihren Kampf f\u00fcr die Wiederherstellung der nationalen Souver\u00e4nit\u00e4t, der Souver\u00e4nit\u00e4t des Volkes zu verst\u00e4rken. Der Austritt bzw. die Aufl\u00f6sung der EU ist eine grundlegende Voraussetzung f\u00fcr ein Ende des Sozialabbaus, eine Macht\u00fcbernahme durch die Bev\u00f6lkerung, f\u00fcr eine Politik der sozialen Gerechtigkeit und der internationalen Zusammenarbeit, f\u00fcr eine Politik, die vom Volk ausgeht, f\u00fcr eine Politik f\u00fcr das Volk.<\/p>\n<p><a href=\"http:\/\/www.noeurointernationalforum.com\/\" target=\"_blank\">www.noeurointernationalforum.com<\/a><\/p>\n","protected":false},"excerpt":{"rendered":"<p>Erkl\u00e4rung der Europ\u00e4ischen Anti-Euro-Koordination &nbsp; Bei der Volksabstimmung am 23. Juni 2016 hat sich die britische Bev\u00f6lkerung \u2013 besonders die &hellip; <a href=\"https:\/\/www.euroexit.org\/index.php\/2016\/07\/09\/ein-hoch-auf-den-brexit\/\" class=\"more-link\"><span class=\"screen-reader-text\">\u201eEin Hoch auf den Brexit!\u201c <\/span>weiterlesen<\/a><\/p>\n","protected":false},"author":2,"featured_media":0,"comment_status":"closed","ping_status":"closed","sticky":false,"template":"","format":"standard","meta":{"advgb_blocks_editor_width":"","advgb_blocks_columns_visual_guide":""},"categories":[1],"tags":[],"author_meta":{"display_name":"Wilhelm Langthaler","author_link":"https:\/\/www.euroexit.org\/index.php\/author\/wilhelm\/"},"featured_img":null,"coauthors":[],"tax_additional":{"categories":{"linked":["<a href=\"https:\/\/www.euroexit.org\/index.php\/category\/home\/\" class=\"advgb-post-tax-term\">Home<\/a>"],"unlinked":["<span class=\"advgb-post-tax-term\">Home<\/span>"]}},"comment_count":"0","relative_dates":{"created":"Posted 10 Jahren ago","modified":"Updated 10 Jahren ago"},"absolute_dates":{"created":"Posted on 9. Juli 2016","modified":"Updated on 9. Juli 2016"},"absolute_dates_time":{"created":"Posted on 9. Juli 2016 9:04","modified":"Updated on 9. Juli 2016 9:04"},"featured_img_caption":"","series_order":"","_links":{"self":[{"href":"https:\/\/www.euroexit.org\/index.php\/wp-json\/wp\/v2\/posts\/828"}],"collection":[{"href":"https:\/\/www.euroexit.org\/index.php\/wp-json\/wp\/v2\/posts"}],"about":[{"href":"https:\/\/www.euroexit.org\/index.php\/wp-json\/wp\/v2\/types\/post"}],"author":[{"embeddable":true,"href":"https:\/\/www.euroexit.org\/index.php\/wp-json\/wp\/v2\/users\/2"}],"replies":[{"embeddable":true,"href":"https:\/\/www.euroexit.org\/index.php\/wp-json\/wp\/v2\/comments?post=828"}],"version-history":[{"count":0,"href":"https:\/\/www.euroexit.org\/index.php\/wp-json\/wp\/v2\/posts\/828\/revisions"}],"wp:attachment":[{"href":"https:\/\/www.euroexit.org\/index.php\/wp-json\/wp\/v2\/media?parent=828"}],"wp:term":[{"taxonomy":"category","embeddable":true,"href":"https:\/\/www.euroexit.org\/index.php\/wp-json\/wp\/v2\/categories?post=828"},{"taxonomy":"post_tag","embeddable":true,"href":"https:\/\/www.euroexit.org\/index.php\/wp-json\/wp\/v2\/tags?post=828"}],"curies":[{"name":"wp","href":"https:\/\/api.w.org\/{rel}","templated":true}]}}