{"id":873,"date":"2016-09-13T16:34:18","date_gmt":"2016-09-13T16:34:18","guid":{"rendered":"http:\/\/www.euroexit.org\/?p=873"},"modified":"2016-09-13T16:34:18","modified_gmt":"2016-09-13T16:34:18","slug":"die-eu-hat-volle-verantwortung-fur-den-burgerkrieg-in-der-ukraine","status":"publish","type":"post","link":"https:\/\/www.euroexit.org\/index.php\/2016\/09\/13\/die-eu-hat-volle-verantwortung-fur-den-burgerkrieg-in-der-ukraine\/","title":{"rendered":"Die EU hat volle Verantwortung f\u00fcr den B\u00fcrgerkrieg in der Ukraine"},"content":{"rendered":"<p><strong>Interview mit Vasilj Volga, Vorsitzender der Union Linker Kr\u00e4fte, fr\u00fcherer Parlamentarier und Leiter der staatlichen Finanzkommission<\/strong><\/p>\n<p><em>von Wilhelm Langthaler<\/em><\/p>\n<p>&nbsp;<\/p>\n<p>Vasilj Volga wird am <a href=\"http:\/\/noeurointernationalforum.com\/\">No Euro Forum<\/a> in Chianciano Terme, Italien, teilnehmen, das vom 16.-18. September 2016 stattfindet.<\/p>\n<p>&nbsp;<\/p>\n<p><strong>Was denken Sie nachtr\u00e4glich \u00fcber das Freihandelsabkommen zwischen der Ukraine und der EU?<\/strong><\/p>\n<p>Das Abkommen l\u00e4uft unseren nationalen Wirtschaftsinteressen diametral entgegen. Es wurde von den Kr\u00e4ften, die schlie\u00dflich den Putsch organisierten, in populistischer Weise verkauft, zum Beispiel mit dem Versprechen der Visafreiheit. Wir m\u00fcssen den Vertrag umgehend k\u00fcndigen und unsere wirtschaftlichen Beziehungen zu Russland und seinem Integrationsraum wiederherstellen, wie es unserem nationalen Interesse entsprechen w\u00fcrde.<\/p>\n<p>Der Volksaufstand im Osten entstand auch gegen dieses ungerechte Vertragswerk. H\u00e4tte sich die Rebellion durchgesetzt und w\u00e4ren unser nationales Interesse nicht verraten worden, g\u00e4be es heute keinen B\u00fcrgerkrieg. Die Ukraine h\u00e4tte ihr wirtschaftliches Potential dynamisch als Br\u00fccke zwischen Europa und Asien entwickeln k\u00f6nnen.<\/p>\n<p>&nbsp;<\/p>\n<p><strong>Was halten Sie von der gegenw\u00e4rtigen Poroschenko-Regierung?<\/strong><\/p>\n<p>Diese ist wirklich kriminell und hat alle erdenklichen Verbrechen gegen die Menschlichkeit begangen. Um ihre Ziele zu erreichen hat Poroschenko und seine Gruppe die fundamentalen staatlichen Institutionen zerst\u00f6rt. Ich k\u00f6nnte zahllose Beispiele daf\u00fcr bringen, wie sie Rechtsradikalismus unterst\u00fctzen und f\u00f6rdern.<\/p>\n<p>&nbsp;<\/p>\n<p><strong>Kann das Minsker Friedensabkommenden Konflikt l\u00f6sen?<\/strong><\/p>\n<p>Minsk ist nur eine M\u00f6glichkeit Frieden zu schaffen. Wir haben regelm\u00e4\u00dfigen Kontakt zu unseren Freunden im Donbass, der sich nicht unter der Kontrolle Kiews befindet. Es gibt noch eine Chance die Region zur\u00fcck in die Ukraine zu bringen, wenn Autonomie und F\u00f6deralismus garantiert wird. Aber daf\u00fcr m\u00fcsste das Abkommen nach Punkt und Beistrich umgesetzt werden. Wir brauchen eine Amnestie und der Sonderstatus des Donbass muss in der Verfassung festgeschrieben werden. Ein internationales Monitoring muss eingerichtet werden. Alle Provokationen, die nach der Spaltung in Nationen, Sprachen oder Ethnien trachten, m\u00fcssen unterbunden werden. Die Justiz muss wieder entsprechend der Verfassung funktionieren. Die Massenmedien und ihre Besitzer, die diesen Konflikt gesch\u00fcrt haben, m\u00fcssen zur Rechenschaft gezogen werden. Nur Schritt f\u00fcr Schritt k\u00f6nnen wir einen gemein samen Staat wiederaufbauen.<\/p>\n<p>&nbsp;<\/p>\n<p><strong>Welche Rolle spielte die EU in diesem Konflikt?<\/strong><\/p>\n<p>Es war gerade die EU, die diese Trag\u00f6die \u00fcber unser Land brachte. Sie schlossen mit Pr\u00e4sident Janukowitsch einen Friedensplan, f\u00fcr den sie garantieren wollten. Dieser sah seinen R\u00fccktriff nach einem halben Jahr vor. Aber schon am n\u00e4chsten Tag unterst\u00fctzten Deutschland und Frankreich die ultraradikale Rechte und erkannten ihre Regierung an. Wenn das ausgehandelte Abkommen schlecht gewesen ist, warum haben sie es dann unterschrieben? Wenn es doch gut war, warum haben sie es nicht durchgef\u00fchrt?<\/p>\n<p>Wenn wir unser Land neu aufbauen und Frieden schaffen wollen, wie k\u00f6nnen wir Deutschland und Frankreich in ihrer Rolle als Vermittler trauen? In jedem Fall muss die EU die volle Verantwortung f\u00fcr den Konflikt tragen, ganz zu schweigen von den USA.<\/p>\n<p>&nbsp;<\/p>\n<p><strong>K\u00f6nnen Sie Ihr Projekt der Union Linker Kr\u00e4fte erkl\u00e4ren?<\/strong><\/p>\n<p>Wir wollen eine Allianz der total zersplitterten und zerstreuten Linken sein. Das ukrainische Regime ist dabei auch die letzten Reste des Sozialstaats auszurotten. Alle Kr\u00e4fte, die f\u00fcr soziale Gerechtigkeit eintreten, werden verfolgt und unterdr\u00fcckt. Das ist der Sinn des sogenannten Entkommunalisierungsgesetzes mittels dessen auch die Kommunistische Partei verboten wurde. Weder Sozialisten noch Sozialdemokraten sind in der Lage sich zu organisieren. Die Union der Linken Kr\u00e4fte m\u00f6chte eine legale Plattform f\u00fcr die Linke bieten, die die verbliebenen sozialen Errungenschaften verteidigt. Zentrale Figuren der KP sowie der SP beteiligen sich, genauso wie die \u201eZivile Kontrollorganisation\u201c (Gromadsky Control, eine ehemalige NGO, die zu einer politischen Organisation wurde).<\/p>\n<p>&nbsp;<\/p>\n<p><strong>Und die Repression gegen Sie als Person?<\/strong><\/p>\n<p>Meine M\u00f6glichkeiten mich politisch auszudr\u00fccken sind sehr beschr\u00e4nkt. Als meine Pressekonferenz in Zaporozhe physisch attackiert wurde, haben viele TV-Sender mitgefilmt. Es gibt also genug Beweismaterial. Ich habe mich an den Innenminister, den Pr\u00e4sidenten, den Geheimdienst usw. gewendet, das eine Strafverfolgung eingeleitet wird. In einer privaten Nachricht lie\u00df mich Minister Avakow wissen: Jeder Polizist, der in dieser Sache aktiv werden sollte, wird sofort seinen Posten verlieren. Trotzdem entschied ein Gericht Untersuchungen einzuleiten. Doch dar\u00fcber lachte Avakow nur und tats\u00e4chlich passierte bis jetzt gar nichts. Jede unserer \u00f6ffentlichen Aktivit\u00e4ten wird von den Asov-Paramilit\u00e4rs angegriffen und keine Beh\u00f6rde kann und will uns verteidigen.<\/p>\n<p>&nbsp;<\/p>\n<p><strong>Wie k\u00f6nnen Sie unter diesen Bedingungen an einer Beteiligung an den Wahlen denken?<\/strong><\/p>\n<p>Ich wei\u00df es wirklich nicht. Die Leute sind terrorisiert. Gegen uns wird physische Gewalt angewandt. Meine Frau ist dem Psychoterror via Telefon und Email ausgeliefert. Angesichts dieser Probleme wissen wir nicht, ob wir die Verantwortung f\u00fcr eine Wahlkampagne tragen k\u00f6nnen.<\/p>\n","protected":false},"excerpt":{"rendered":"<p>Interview mit Vasilj Volga, Vorsitzender der Union Linker Kr\u00e4fte, fr\u00fcherer Parlamentarier und Leiter der staatlichen Finanzkommission von Wilhelm Langthaler &nbsp; &hellip; <a href=\"https:\/\/www.euroexit.org\/index.php\/2016\/09\/13\/die-eu-hat-volle-verantwortung-fur-den-burgerkrieg-in-der-ukraine\/\" class=\"more-link\"><span class=\"screen-reader-text\">\u201eDie EU hat volle Verantwortung f\u00fcr den B\u00fcrgerkrieg in der Ukraine\u201c <\/span>weiterlesen<\/a><\/p>\n","protected":false},"author":2,"featured_media":874,"comment_status":"closed","ping_status":"closed","sticky":false,"template":"","format":"standard","meta":{"advgb_blocks_editor_width":"","advgb_blocks_columns_visual_guide":""},"categories":[1],"tags":[],"author_meta":{"display_name":"Wilhelm Langthaler","author_link":"https:\/\/www.euroexit.org\/index.php\/author\/wilhelm\/"},"featured_img":"https:\/\/www.euroexit.org\/wp-content\/uploads\/2016\/09\/volga-300x200.jpg","coauthors":[],"tax_additional":{"categories":{"linked":["<a href=\"https:\/\/www.euroexit.org\/index.php\/category\/home\/\" class=\"advgb-post-tax-term\">Home<\/a>"],"unlinked":["<span class=\"advgb-post-tax-term\">Home<\/span>"]}},"comment_count":"0","relative_dates":{"created":"Posted 10 Jahren ago","modified":"Updated 10 Jahren ago"},"absolute_dates":{"created":"Posted on 13. September 2016","modified":"Updated on 13. September 2016"},"absolute_dates_time":{"created":"Posted on 13. September 2016 16:34","modified":"Updated on 13. September 2016 16:34"},"featured_img_caption":"","series_order":"","_links":{"self":[{"href":"https:\/\/www.euroexit.org\/index.php\/wp-json\/wp\/v2\/posts\/873"}],"collection":[{"href":"https:\/\/www.euroexit.org\/index.php\/wp-json\/wp\/v2\/posts"}],"about":[{"href":"https:\/\/www.euroexit.org\/index.php\/wp-json\/wp\/v2\/types\/post"}],"author":[{"embeddable":true,"href":"https:\/\/www.euroexit.org\/index.php\/wp-json\/wp\/v2\/users\/2"}],"replies":[{"embeddable":true,"href":"https:\/\/www.euroexit.org\/index.php\/wp-json\/wp\/v2\/comments?post=873"}],"version-history":[{"count":0,"href":"https:\/\/www.euroexit.org\/index.php\/wp-json\/wp\/v2\/posts\/873\/revisions"}],"wp:featuredmedia":[{"embeddable":true,"href":"https:\/\/www.euroexit.org\/index.php\/wp-json\/wp\/v2\/media\/874"}],"wp:attachment":[{"href":"https:\/\/www.euroexit.org\/index.php\/wp-json\/wp\/v2\/media?parent=873"}],"wp:term":[{"taxonomy":"category","embeddable":true,"href":"https:\/\/www.euroexit.org\/index.php\/wp-json\/wp\/v2\/categories?post=873"},{"taxonomy":"post_tag","embeddable":true,"href":"https:\/\/www.euroexit.org\/index.php\/wp-json\/wp\/v2\/tags?post=873"}],"curies":[{"name":"wp","href":"https:\/\/api.w.org\/{rel}","templated":true}]}}