{"id":877,"date":"2016-09-13T16:42:27","date_gmt":"2016-09-13T16:42:27","guid":{"rendered":"http:\/\/www.euroexit.org\/?p=877"},"modified":"2016-09-13T16:42:27","modified_gmt":"2016-09-13T16:42:27","slug":"lexit-adresse-an-no-euro-forum","status":"publish","type":"post","link":"https:\/\/www.euroexit.org\/index.php\/2016\/09\/13\/lexit-adresse-an-no-euro-forum\/","title":{"rendered":"Lexit-Adresse an No-Euro-Forum"},"content":{"rendered":"<p>Liebe Freundinnen und Freunde,<\/p>\n<p>Wir w\u00fcnschen alles Gute, viel Erfolg und Fortschritt f\u00fcr das <a href=\"http:\/\/noeurointernationalforum.com\" target=\"_blank\">No Euro International Forum<\/a> in Chianciano Terme! Wir glauben, dass der Kampf f\u00fcr soziale Rechte und Demokratie es erfordern, gleichzeitig auch die neoliberale Art und Weise der europ\u00e4ischen Integration und das Regime der Gemeinsamen W\u00e4hrung anzugreifen. In diesem Sinn halten wir internationale Koordination f\u00fcr ein Schl\u00fcsselelement einer jeder ernsthaften politischen Strategie.<\/p>\n<p>Mehrere Leute, die sich am <a href=\"http:\/\/lexit-network.org\" target=\"_blank\">Lexit-Netzwerk<\/a> beteiligen, sind auch in der No-Euro-Koordination engagiert und werden auch in Chianciano Terme mit dabei sein. Wir w\u00fcrden als Lexit-Netzwerk gerne mehr Pr\u00e4senz zeigen, um einen breiteren Austausch politischer Ansichten und Strategien zu erm\u00f6glichen. Als kleines Netzwerk mit begrenzen Kapazit\u00e4ten ist uns das f\u00fcr den 16.-18. September ungl\u00fccklicherweise nicht m\u00f6glich. Wir haben mitbekommen, dass unser Aufruf Gegenstand von Debatten in der No-Euro-Koordination war und freuen uns auf einen fruchtbaren Austausch in der Zukunft.<\/p>\n<p>Solidarische Gr\u00fc\u00dfe<\/p>\n<p>Lexit- Netzwerk<\/p>\n","protected":false},"excerpt":{"rendered":"<p>Liebe Freundinnen und Freunde, Wir w\u00fcnschen alles Gute, viel Erfolg und Fortschritt f\u00fcr das No Euro International Forum in Chianciano &hellip; <a href=\"https:\/\/www.euroexit.org\/index.php\/2016\/09\/13\/lexit-adresse-an-no-euro-forum\/\" class=\"more-link\"><span class=\"screen-reader-text\">\u201eLexit-Adresse an No-Euro-Forum\u201c <\/span>weiterlesen<\/a><\/p>\n","protected":false},"author":2,"featured_media":0,"comment_status":"closed","ping_status":"closed","sticky":false,"template":"","format":"standard","meta":{"advgb_blocks_editor_width":"","advgb_blocks_columns_visual_guide":""},"categories":[1],"tags":[],"author_meta":{"display_name":"Wilhelm Langthaler","author_link":"https:\/\/www.euroexit.org\/index.php\/author\/wilhelm\/"},"featured_img":null,"coauthors":[],"tax_additional":{"categories":{"linked":["<a href=\"https:\/\/www.euroexit.org\/index.php\/category\/home\/\" class=\"advgb-post-tax-term\">Home<\/a>"],"unlinked":["<span class=\"advgb-post-tax-term\">Home<\/span>"]}},"comment_count":"0","relative_dates":{"created":"Posted 10 Jahren ago","modified":"Updated 10 Jahren ago"},"absolute_dates":{"created":"Posted on 13. September 2016","modified":"Updated on 13. September 2016"},"absolute_dates_time":{"created":"Posted on 13. September 2016 16:42","modified":"Updated on 13. September 2016 16:42"},"featured_img_caption":"","series_order":"","_links":{"self":[{"href":"https:\/\/www.euroexit.org\/index.php\/wp-json\/wp\/v2\/posts\/877"}],"collection":[{"href":"https:\/\/www.euroexit.org\/index.php\/wp-json\/wp\/v2\/posts"}],"about":[{"href":"https:\/\/www.euroexit.org\/index.php\/wp-json\/wp\/v2\/types\/post"}],"author":[{"embeddable":true,"href":"https:\/\/www.euroexit.org\/index.php\/wp-json\/wp\/v2\/users\/2"}],"replies":[{"embeddable":true,"href":"https:\/\/www.euroexit.org\/index.php\/wp-json\/wp\/v2\/comments?post=877"}],"version-history":[{"count":0,"href":"https:\/\/www.euroexit.org\/index.php\/wp-json\/wp\/v2\/posts\/877\/revisions"}],"wp:attachment":[{"href":"https:\/\/www.euroexit.org\/index.php\/wp-json\/wp\/v2\/media?parent=877"}],"wp:term":[{"taxonomy":"category","embeddable":true,"href":"https:\/\/www.euroexit.org\/index.php\/wp-json\/wp\/v2\/categories?post=877"},{"taxonomy":"post_tag","embeddable":true,"href":"https:\/\/www.euroexit.org\/index.php\/wp-json\/wp\/v2\/tags?post=877"}],"curies":[{"name":"wp","href":"https:\/\/api.w.org\/{rel}","templated":true}]}}