{"id":962,"date":"2016-11-04T20:55:51","date_gmt":"2016-11-04T20:55:51","guid":{"rendered":"http:\/\/www.euroexit.org\/?p=962"},"modified":"2016-11-04T20:55:51","modified_gmt":"2016-11-04T20:55:51","slug":"welche-alternative-zum-euro-und-zur-neoliberalen-eu-brauchen-wir","status":"publish","type":"post","link":"https:\/\/www.euroexit.org\/index.php\/2016\/11\/04\/welche-alternative-zum-euro-und-zur-neoliberalen-eu-brauchen-wir\/","title":{"rendered":"Welche Alternative zum \u20acuro und zur neoliberalen EU brauchen wir?"},"content":{"rendered":"<p><strong>Tagung der Antikapitalistischen Linken NRW (AKL) am 28. Januar 2017 im B\u00fcrgerhaus im Stadtteilzentrum Bilk, Bachstr. 145, 40217 D\u00fcsseldorf<\/strong><\/p>\n<p>&nbsp;<\/p>\n<p>Aus dem Versprechen f\u00fcr Wohlstand und Frieden f\u00fcr alle ist Reichtum f\u00fcr wenige auf Kosten der Vielen geworden. Insbesondere der europ\u00e4ische S\u00fcden leidet unter den erdr\u00fcckenden Spardiktaten aus Br\u00fcssel und Berlin. Die Exportoffensive des deutschen Kapitals auf Kosten seiner europ\u00e4ischen Konkurrenten setzt sich ungebrochen fort. Die Folge sind Deindustrialisierung, Privatisierung, Sozialabbau und Arbeitslosigkeit in bisher unbekanntem Ausma\u00df.<\/p>\n<p>Die im Rahmen der Finanz- und Bankenkrise 2008\/2009 erfolgte \u00dcbernahme in Staatsschulden hat in Kombination mit der von Merkel und Sch\u00e4uble diktierten Austerit\u00e4tspolitik zum Sparen bis zum Kollaps gef\u00fchrt. Stagnation und Entdemokratisierung sind die Folge.<\/p>\n<p>Als in Griechenland nach dem Wahlsieg von Syriza versucht wurde, einen Ausweg aus Krise-Austerit\u00e4t-Stagnation zu finden, drehte Berlin sofort den Geldhahn zu, um jedem Versuch einer Krisenl\u00f6sung zugunsten der Mehrheit der Bev\u00f6lkerung den Boden zu entziehen.<\/p>\n<p>Neoliberale und Rechtspopulisten in West- und Nordeuropa versuchen nun, die Krise im Sinne ihrer Eliten auf Kosten des europ\u00e4ischen S\u00fcdens zu l\u00f6sen. Statt Wohlstand gibt es Austerit\u00e4t, statt Solidarit\u00e4t erleben wir Chauvinismus.<\/p>\n<p>&nbsp;<\/p>\n<p>11.00 &#8211; 11.25 Uhr<br \/>\n<strong>Er\u00f6ffnung<\/strong><\/p>\n<p>\u2022 Thies Gleiss, Bundesvorstand der Partei Die Linke, Bundessprecher*innenrat der AKL<br \/>\n\u2022 Inge H\u00f6ger, MdB DIE LINKE, Bundessprecher*innenrat der AKL<\/p>\n<p>11.30 \u2013 14.00 Uhr<br \/>\n<strong>Wie treibt die deutsche Austerit\u00e4tspolitik die EU\u2013Staaten und die Eurozone weiter auseinander? Eine Bestandsaufnahme<\/strong><\/p>\n<p>\u2022 Janinne Wissler, stellvertr. Parteivorsitzende DIE LINKE<br \/>\n\u2022 Franziska Lindner, SDS<br \/>\n\u2022 Panagiotis Sotiris, LAE &#8211; Volkseinheit, Griechenland<br \/>\n\u2022 Sergio Cesaratto, Prof. f\u00fcr \u00d6konomie an der Universit\u00e4t Siena, Italien<\/p>\n<p>14.30 \u2013 16.30 Uhr<br \/>\n<strong>Kann der Zusammenbruch der Eurozone verhindert werden?<\/strong><br \/>\n<strong>Ist eine geordnete Aufl\u00f6sung der Euro-Zone m\u00f6glich?<\/strong><\/p>\n<p>\u2022 Martin H\u00f6pner, Politikwissenschaftler, Max-Planck-Institut f\u00fcr Gesellschaftsforschung K\u00f6ln<br \/>\n\u2022 Paul Steinhardt, Herausgeber Makroskop.eu (gemeinsam mit Heiner Flassbeck)<\/p>\n<p>17.00 \u2013 20.00 Uhr<br \/>\n<strong>Alternativen zum Eurosystem und zum Entwicklungspfad der EU<\/strong><br \/>\n<strong>Linke EU- und Euro-Kritik vs. Neoliberalismus und Rechtspopulismus<\/strong><\/p>\n<p>\u2022 Costas Lapavistas, Prof. f\u00fcr \u00d6konomie an der Universit\u00e4t von London und ehem. Parlamentsabgeordneter von Syriza, Griechenland<br \/>\n\u2022 Hans van Heijningen, Generalsekret\u00e4r der Sozialistischen Partei der Niederlande<br \/>\n\u2022 Inge H\u00f6ger, MdB DIE LINKE, Bundessprecher*innenrat der AKL<\/p>\n<p><em>Unterst\u00fctzer: Initiative <a href=\"http:\/\/www.eurexit.de\" target=\"_blank\">eurexit.de<\/a>, Mediengesellschaft <a href=\"http:\/\/Makroskop.eu\" target=\"_blank\">Makroskop.eu<\/a>, Bildungsgemeinschaft Salz e.V., Zeitschrift lunapark21, Personenkomitee euroexit.org<\/em><\/p>\n<p><a href=\"http:\/\/www.antikapitalistische-linke.de\" target=\"_blank\">www.antikapitalistische-linke.de<\/a><\/p>\n","protected":false},"excerpt":{"rendered":"<p>Tagung der Antikapitalistischen Linken NRW (AKL) am 28. Januar 2017 im B\u00fcrgerhaus im Stadtteilzentrum Bilk, Bachstr. 145, 40217 D\u00fcsseldorf &nbsp; &hellip; <a href=\"https:\/\/www.euroexit.org\/index.php\/2016\/11\/04\/welche-alternative-zum-euro-und-zur-neoliberalen-eu-brauchen-wir\/\" class=\"more-link\"><span class=\"screen-reader-text\">\u201eWelche Alternative zum \u20acuro und zur neoliberalen EU brauchen wir?\u201c <\/span>weiterlesen<\/a><\/p>\n","protected":false},"author":2,"featured_media":0,"comment_status":"closed","ping_status":"closed","sticky":false,"template":"","format":"standard","meta":{"advgb_blocks_editor_width":"","advgb_blocks_columns_visual_guide":""},"categories":[1],"tags":[],"author_meta":{"display_name":"Wilhelm Langthaler","author_link":"https:\/\/www.euroexit.org\/index.php\/author\/wilhelm\/"},"featured_img":null,"coauthors":[],"tax_additional":{"categories":{"linked":["<a href=\"https:\/\/www.euroexit.org\/index.php\/category\/home\/\" class=\"advgb-post-tax-term\">Home<\/a>"],"unlinked":["<span class=\"advgb-post-tax-term\">Home<\/span>"]}},"comment_count":"0","relative_dates":{"created":"Posted 9 Jahren ago","modified":"Updated 9 Jahren ago"},"absolute_dates":{"created":"Posted on 4. November 2016","modified":"Updated on 4. November 2016"},"absolute_dates_time":{"created":"Posted on 4. November 2016 20:55","modified":"Updated on 4. November 2016 20:55"},"featured_img_caption":"","series_order":"","_links":{"self":[{"href":"https:\/\/www.euroexit.org\/index.php\/wp-json\/wp\/v2\/posts\/962"}],"collection":[{"href":"https:\/\/www.euroexit.org\/index.php\/wp-json\/wp\/v2\/posts"}],"about":[{"href":"https:\/\/www.euroexit.org\/index.php\/wp-json\/wp\/v2\/types\/post"}],"author":[{"embeddable":true,"href":"https:\/\/www.euroexit.org\/index.php\/wp-json\/wp\/v2\/users\/2"}],"replies":[{"embeddable":true,"href":"https:\/\/www.euroexit.org\/index.php\/wp-json\/wp\/v2\/comments?post=962"}],"version-history":[{"count":0,"href":"https:\/\/www.euroexit.org\/index.php\/wp-json\/wp\/v2\/posts\/962\/revisions"}],"wp:attachment":[{"href":"https:\/\/www.euroexit.org\/index.php\/wp-json\/wp\/v2\/media?parent=962"}],"wp:term":[{"taxonomy":"category","embeddable":true,"href":"https:\/\/www.euroexit.org\/index.php\/wp-json\/wp\/v2\/categories?post=962"},{"taxonomy":"post_tag","embeddable":true,"href":"https:\/\/www.euroexit.org\/index.php\/wp-json\/wp\/v2\/tags?post=962"}],"curies":[{"name":"wp","href":"https:\/\/api.w.org\/{rel}","templated":true}]}}